{"id":135,"date":"2023-06-03T22:49:10","date_gmt":"2023-06-03T20:49:10","guid":{"rendered":"https:\/\/ltsw.fr\/wordpress\/?p=135"},"modified":"2023-06-03T22:49:10","modified_gmt":"2023-06-03T20:49:10","slug":"les-pieds-dans-la-foret","status":"publish","type":"post","link":"https:\/\/lespiedsdansleplateau.fr\/index.php\/2023\/06\/03\/les-pieds-dans-la-foret\/","title":{"rendered":"Les pieds dans la for\u00eat"},"content":{"rendered":"\n<p>Retrouvez toutes les \u00e9missions produites le 4 juin 2023 lors du direct \u00ab\u00a0Les pieds dans la for\u00eat\u00a0\u00bb sur notre audioblog <a rel=\"noreferrer noopener\" href=\"https:\/\/audioblog.arteradio.com\/blog\/196960\/les-pieds-dans-le-plateau\" target=\"_blank\">https:\/\/audioblog.arteradio.com\/blog\/196960\/les-pieds-dans-le-plateau<\/a> ou ci dessous.<\/p>\n\n\n\n<p>Si vous avez envie d&rsquo;en savoir plus sur nos \u00e9missions, proposer des contenus, nous rejoindre&#8230;. \u00e9crivez nous \u00e0 lespiedsdansleplateau@riseup.net !<\/p>\n\n\n\n<div class=\"wp-block-group\"><div class=\"wp-block-group__inner-container is-layout-flow wp-block-group-is-layout-flow\">\n<iframe width=\"100%\" src=\"https:\/\/audioblog.arteradio.com\/embed\/206508\" style=\"margin: 0; padding: 0; border: none;\"><\/iframe>\n\n\n\n<iframe width=\"100%\" src=\"https:\/\/audioblog.arteradio.com\/embed\/206509\" style=\"margin: 0; padding: 0; border: none;\"><\/iframe>\n\n\n\n<iframe width=\"100%\" src=\"https:\/\/audioblog.arteradio.com\/embed\/206511\" style=\"margin: 0; padding: 0; border: none;\"><\/iframe>\n\n\n\n<iframe width=\"100%\" src=\"https:\/\/audioblog.arteradio.com\/embed\/206512\" style=\"margin: 0; padding: 0; border: none;\"><\/iframe>\n\n\n\n<iframe width=\"100%\" src=\"https:\/\/audioblog.arteradio.com\/embed\/206513\" style=\"margin: 0; padding: 0; border: none;\"><\/iframe>\n\n\n\n<iframe width=\"100%\" src=\"https:\/\/audioblog.arteradio.com\/embed\/206514\" style=\"margin: 0; padding: 0; border: none;\"><\/iframe>\n\n\n\n<iframe width=\"100%\" src=\"https:\/\/audioblog.arteradio.com\/embed\/206515\" style=\"margin: 0; padding: 0; border: none;\"><\/iframe>\n\n\n\n<iframe width=\"100%\" src=\"https:\/\/audioblog.arteradio.com\/embed\/206517\" style=\"margin: 0; padding: 0; border: none;\"><\/iframe>\n\n\n\n<iframe width=\"100%\" src=\"https:\/\/audioblog.arteradio.com\/embed\/206532\" style=\"margin: 0; padding: 0; border: none;\"><\/iframe>\n\n\n\n<iframe width=\"100%\" src=\"https:\/\/audioblog.arteradio.com\/embed\/206537\" style=\"margin: 0; padding: 0; border: none;\"><\/iframe>\n\n\n\n<iframe width=\"100%\" src=\"https:\/\/audioblog.arteradio.com\/embed\/206539\" style=\"margin: 0; padding: 0; border: none;\"><\/iframe>\n<\/div><\/div>\n\n\n\n<figure class=\"wp-block-gallery aligncenter has-nested-images columns-default is-cropped wp-block-gallery-1 is-layout-flex wp-block-gallery-is-layout-flex\">\n<figure class=\"wp-block-image size-full\"><img loading=\"lazy\" decoding=\"async\" width=\"275\" height=\"184\" data-id=\"137\" src=\"https:\/\/ltsw.fr\/wordpress\/wp-content\/uploads\/2023\/06\/foret_hauteville.jpg\" alt=\"\" class=\"wp-image-137\"\/><\/figure>\n<\/figure>\n\n\n\n<p>En direct d&rsquo;une myst\u00e9rieuse for\u00eat sur le plateau de Hauteville, les pieds dans le plateau vous proposent leur 3e direct ce dimanche 4 juin, de 14h \u00e0 19h ! A \u00e9couter juste ici<\/p>\n\n\n\n\n<style>\nh1 {text-align: center;}\np {text-align: center;}\ndiv {text-align: center;}\n<\/style>\n\n\n\n<p>\n<audio preload=\"auto\" controls=\"\" style=\"width:100%; height:40px;\" src=\"https:\/\/icecast2.ltsw.fr\/stream\"> <\/audio>\n<\/p>\n\n\n\n\n<p>Au programme (qui pourra subir des modifications de derni\u00e8res minutes)<\/p>\n\n\n\n<p>14h on revient sur le grand V avec un coup de gueule de Nadine : C\u00e9line, non!<\/p>\n\n\n\n<p>14h20 l&rsquo;ancolie, \u00e9mission litt\u00e9raire<\/p>\n\n\n\n<p>14h50 portraits d&rsquo;habitant\u00b7es<\/p>\n\n\n\n<p>15h10 Tu connais pas ? D\u00e9couvertes musicales<\/p>\n\n\n\n<p>15h30 lalala et elles \u00e9taient une fois, culture et f\u00e9minismes<\/p>\n\n\n\n<p>16h anarchives, archives libertaires de l&rsquo;ain mises en voix et en sons<\/p>\n\n\n\n<p>16h30 rap sensible, si tu supportes pas la chaleur sors de l\u00e0 !<\/p>\n\n\n\n<p>17h30 luttes locales, luttes globales<\/p>\n\n\n\n<p>19h fin des programmes ! (pour aujourd&rsquo;hui)<\/p>\n","protected":false},"excerpt":{"rendered":"<p>Retrouvez toutes les \u00e9missions produites le 4 juin 2023 lors du direct \u00ab\u00a0Les pieds dans la for\u00eat\u00a0\u00bb sur notre audioblog https:\/\/audioblog.arteradio.com\/blog\/196960\/les-pieds-dans-le-plateau ou ci dessous. Si vous avez envie d&rsquo;en savoir plus sur nos \u00e9missions, proposer des contenus, nous rejoindre&#8230;. \u00e9crivez &hellip; <a href=\"https:\/\/lespiedsdansleplateau.fr\/index.php\/2023\/06\/03\/les-pieds-dans-la-foret\/\">Continuer la lecture <span class=\"meta-nav\">&rarr;<\/span><\/a><\/p>\n","protected":false},"author":1,"featured_media":137,"comment_status":"closed","ping_status":"open","sticky":false,"template":"","format":"standard","meta":{"footnotes":""},"categories":[3],"tags":[],"class_list":["post-135","post","type-post","status-publish","format-standard","has-post-thumbnail","hentry","category-archives"],"_links":{"self":[{"href":"https:\/\/lespiedsdansleplateau.fr\/index.php\/wp-json\/wp\/v2\/posts\/135","targetHints":{"allow":["GET"]}}],"collection":[{"href":"https:\/\/lespiedsdansleplateau.fr\/index.php\/wp-json\/wp\/v2\/posts"}],"about":[{"href":"https:\/\/lespiedsdansleplateau.fr\/index.php\/wp-json\/wp\/v2\/types\/post"}],"author":[{"embeddable":true,"href":"https:\/\/lespiedsdansleplateau.fr\/index.php\/wp-json\/wp\/v2\/users\/1"}],"replies":[{"embeddable":true,"href":"https:\/\/lespiedsdansleplateau.fr\/index.php\/wp-json\/wp\/v2\/comments?post=135"}],"version-history":[{"count":0,"href":"https:\/\/lespiedsdansleplateau.fr\/index.php\/wp-json\/wp\/v2\/posts\/135\/revisions"}],"wp:featuredmedia":[{"embeddable":true,"href":"https:\/\/lespiedsdansleplateau.fr\/index.php\/wp-json\/wp\/v2\/media\/137"}],"wp:attachment":[{"href":"https:\/\/lespiedsdansleplateau.fr\/index.php\/wp-json\/wp\/v2\/media?parent=135"}],"wp:term":[{"taxonomy":"category","embeddable":true,"href":"https:\/\/lespiedsdansleplateau.fr\/index.php\/wp-json\/wp\/v2\/categories?post=135"},{"taxonomy":"post_tag","embeddable":true,"href":"https:\/\/lespiedsdansleplateau.fr\/index.php\/wp-json\/wp\/v2\/tags?post=135"}],"curies":[{"name":"wp","href":"https:\/\/api.w.org\/{rel}","templated":true}]}}