{"id":151,"date":"2023-10-11T18:49:39","date_gmt":"2023-10-11T16:49:39","guid":{"rendered":"https:\/\/ltsw.fr\/wordpress\/?p=151"},"modified":"2023-10-11T18:49:39","modified_gmt":"2023-10-11T16:49:39","slug":"les-pieds-dans-la-lutte","status":"publish","type":"post","link":"https:\/\/lespiedsdansleplateau.fr\/index.php\/2023\/10\/11\/les-pieds-dans-la-lutte\/","title":{"rendered":"Les pieds dans la lutte"},"content":{"rendered":"\n<iframe loading=\"lazy\" height=\"466px\" width=\"100%\" src=\"https:\/\/audioblog.arteradio.com\/playlist-embed\/213358\" style=\"margin: 0; padding: 0; border: none;\"><\/iframe>\n\n\n\n<p>Les 6,7 et 8 octobre, les pieds dans le plateau \u00e9taient aux rencontres des luttes, qui se sont repli\u00e9es sur un terrain priv\u00e9 \u00e0 la suite d&rsquo;une annulation de la location des espaces municipaux de la mairie (la veille du d\u00e9marrage des rencontres!).<\/p>\n\n\n\n<p>Vous avez rat\u00e9 cet \u00e9v\u00e9nement important dans la r\u00e9gion ? Nous avons tout enregistr\u00e9 !!!<\/p>\n\n\n\n<p>Bonne \u00e9coute !<\/p>\n","protected":false},"excerpt":{"rendered":"<p>Les 6,7 et 8 octobre, les pieds dans le plateau \u00e9taient aux rencontres des luttes, qui se sont repli\u00e9es sur un terrain priv\u00e9 \u00e0 la suite d&rsquo;une annulation de la location des espaces municipaux de la mairie (la veille du &hellip; <a href=\"https:\/\/lespiedsdansleplateau.fr\/index.php\/2023\/10\/11\/les-pieds-dans-la-lutte\/\">Continuer la lecture <span class=\"meta-nav\">&rarr;<\/span><\/a><\/p>\n","protected":false},"author":1,"featured_media":0,"comment_status":"closed","ping_status":"open","sticky":false,"template":"","format":"standard","meta":{"footnotes":""},"categories":[3],"tags":[],"class_list":["post-151","post","type-post","status-publish","format-standard","hentry","category-archives"],"_links":{"self":[{"href":"https:\/\/lespiedsdansleplateau.fr\/index.php\/wp-json\/wp\/v2\/posts\/151","targetHints":{"allow":["GET"]}}],"collection":[{"href":"https:\/\/lespiedsdansleplateau.fr\/index.php\/wp-json\/wp\/v2\/posts"}],"about":[{"href":"https:\/\/lespiedsdansleplateau.fr\/index.php\/wp-json\/wp\/v2\/types\/post"}],"author":[{"embeddable":true,"href":"https:\/\/lespiedsdansleplateau.fr\/index.php\/wp-json\/wp\/v2\/users\/1"}],"replies":[{"embeddable":true,"href":"https:\/\/lespiedsdansleplateau.fr\/index.php\/wp-json\/wp\/v2\/comments?post=151"}],"version-history":[{"count":0,"href":"https:\/\/lespiedsdansleplateau.fr\/index.php\/wp-json\/wp\/v2\/posts\/151\/revisions"}],"wp:attachment":[{"href":"https:\/\/lespiedsdansleplateau.fr\/index.php\/wp-json\/wp\/v2\/media?parent=151"}],"wp:term":[{"taxonomy":"category","embeddable":true,"href":"https:\/\/lespiedsdansleplateau.fr\/index.php\/wp-json\/wp\/v2\/categories?post=151"},{"taxonomy":"post_tag","embeddable":true,"href":"https:\/\/lespiedsdansleplateau.fr\/index.php\/wp-json\/wp\/v2\/tags?post=151"}],"curies":[{"name":"wp","href":"https:\/\/api.w.org\/{rel}","templated":true}]}}