{"id":414,"date":"2024-12-16T12:52:19","date_gmt":"2024-12-16T11:52:19","guid":{"rendered":"https:\/\/lespiedsdansleplateau.fr\/?p=414"},"modified":"2025-01-01T18:30:05","modified_gmt":"2025-01-01T17:30:05","slug":"pour-la-paix-maintenant","status":"publish","type":"post","link":"https:\/\/lespiedsdansleplateau.fr\/index.php\/2024\/12\/16\/pour-la-paix-maintenant\/","title":{"rendered":"Pour la paix maintenant"},"content":{"rendered":"\n<figure class=\"wp-block-image size-large\"><img loading=\"lazy\" decoding=\"async\" width=\"724\" height=\"1024\" src=\"https:\/\/lespiedsdansleplateau.fr\/wp-content\/uploads\/2024\/12\/Pour-la-paix-maintenant-dec24-724x1024.png\" alt=\"\" class=\"wp-image-415\" srcset=\"https:\/\/lespiedsdansleplateau.fr\/wp-content\/uploads\/2024\/12\/Pour-la-paix-maintenant-dec24-724x1024.png 724w, https:\/\/lespiedsdansleplateau.fr\/wp-content\/uploads\/2024\/12\/Pour-la-paix-maintenant-dec24-212x300.png 212w, https:\/\/lespiedsdansleplateau.fr\/wp-content\/uploads\/2024\/12\/Pour-la-paix-maintenant-dec24-768x1086.png 768w, https:\/\/lespiedsdansleplateau.fr\/wp-content\/uploads\/2024\/12\/Pour-la-paix-maintenant-dec24-1086x1536.png 1086w, https:\/\/lespiedsdansleplateau.fr\/wp-content\/uploads\/2024\/12\/Pour-la-paix-maintenant-dec24.png 1414w\" sizes=\"auto, (max-width: 724px) 100vw, 724px\" \/><\/figure>\n\n\n\n<p class=\"has-text-align-left\">Les pieds dans le plateau ont enregistr\u00e9 la passionnante conf\u00e9rence de Pierre Stambul de <a href=\"https:\/\/ujfp.org\/\">l&rsquo;UJFP<\/a> (union juive pour la paix) le 6 d\u00e9cembre \u00e0 l&rsquo;arrosoir \u00e0 Cezeyrieu : Sionisme, antis\u00e9mitisme &amp; instrumentalisation<\/p>\n\n\n\n<p>Si vous l&rsquo;avez rat\u00e9e, vous pouvez la r\u00e9\u00e9couter ici :<\/p>\n\n\n\n<iframe width=\"100%\" src=\"https:\/\/audioblog.arteradio.com\/embed\/240955\" style=\"margin: 0; padding: 0; border: none;\"><\/iframe>\n\n\n\n<p>Avant d&rsquo;\u00e9couter les questions \u00e0 Pierre Stambul, vous pouvez faire une petite pause et r\u00e9\u00e9couter l&rsquo;\u00e9mission musicale : \u00ab\u00a0et que vive la palestine\u00a0\u00bb ici<\/p>\n\n\n\n<iframe width=\"100%\" src=\"https:\/\/audioblog.arteradio.com\/embed\/219350\" style=\"margin: 0; padding: 0; border: none;\"><\/iframe>\n\n\n\n<p>Puis continuez avec les questions \u00e0 Pierre Stambul ici<\/p>\n\n\n\n<iframe width=\"100%\" src=\"https:\/\/audioblog.arteradio.com\/embed\/240956\" style=\"margin: 0; padding: 0; border: none;\"><\/iframe>\n\n\n\n<p><\/p>\n","protected":false},"excerpt":{"rendered":"<p>Les pieds dans le plateau ont enregistr\u00e9 la passionnante conf\u00e9rence de Pierre Stambul de l&rsquo;UJFP (union juive pour la paix) le 6 d\u00e9cembre \u00e0 l&rsquo;arrosoir \u00e0 Cezeyrieu : Sionisme, antis\u00e9mitisme &amp; instrumentalisation Si vous l&rsquo;avez rat\u00e9e, vous pouvez la r\u00e9\u00e9couter &hellip; <a href=\"https:\/\/lespiedsdansleplateau.fr\/index.php\/2024\/12\/16\/pour-la-paix-maintenant\/\">Continuer la lecture <span class=\"meta-nav\">&rarr;<\/span><\/a><\/p>\n","protected":false},"author":1,"featured_media":0,"comment_status":"closed","ping_status":"","sticky":false,"template":"","format":"standard","meta":{"footnotes":""},"categories":[1],"tags":[],"class_list":["post-414","post","type-post","status-publish","format-standard","hentry","category-non-classe"],"_links":{"self":[{"href":"https:\/\/lespiedsdansleplateau.fr\/index.php\/wp-json\/wp\/v2\/posts\/414","targetHints":{"allow":["GET"]}}],"collection":[{"href":"https:\/\/lespiedsdansleplateau.fr\/index.php\/wp-json\/wp\/v2\/posts"}],"about":[{"href":"https:\/\/lespiedsdansleplateau.fr\/index.php\/wp-json\/wp\/v2\/types\/post"}],"author":[{"embeddable":true,"href":"https:\/\/lespiedsdansleplateau.fr\/index.php\/wp-json\/wp\/v2\/users\/1"}],"replies":[{"embeddable":true,"href":"https:\/\/lespiedsdansleplateau.fr\/index.php\/wp-json\/wp\/v2\/comments?post=414"}],"version-history":[{"count":2,"href":"https:\/\/lespiedsdansleplateau.fr\/index.php\/wp-json\/wp\/v2\/posts\/414\/revisions"}],"predecessor-version":[{"id":422,"href":"https:\/\/lespiedsdansleplateau.fr\/index.php\/wp-json\/wp\/v2\/posts\/414\/revisions\/422"}],"wp:attachment":[{"href":"https:\/\/lespiedsdansleplateau.fr\/index.php\/wp-json\/wp\/v2\/media?parent=414"}],"wp:term":[{"taxonomy":"category","embeddable":true,"href":"https:\/\/lespiedsdansleplateau.fr\/index.php\/wp-json\/wp\/v2\/categories?post=414"},{"taxonomy":"post_tag","embeddable":true,"href":"https:\/\/lespiedsdansleplateau.fr\/index.php\/wp-json\/wp\/v2\/tags?post=414"}],"curies":[{"name":"wp","href":"https:\/\/api.w.org\/{rel}","templated":true}]}}