{"id":746,"date":"2025-12-06T10:34:23","date_gmt":"2025-12-06T09:34:23","guid":{"rendered":"https:\/\/lespiedsdansleplateau.fr\/?p=746"},"modified":"2025-12-16T22:43:45","modified_gmt":"2025-12-16T21:43:45","slug":"les-pieds-dans-le-patin","status":"publish","type":"post","link":"https:\/\/lespiedsdansleplateau.fr\/index.php\/2025\/12\/06\/les-pieds-dans-le-patin\/","title":{"rendered":"Les Pieds dans le Patin"},"content":{"rendered":"\n<p>ET BIM ON REMET LE COUVERT !&nbsp;<br>Dimanche 07 d\u00e9cembre &nbsp;: nouvelle diff depuis<br>la Grille \u00e0 Chaley !!<\/p>\n\n\n\n<p>Micros en main, patins aux pieds, on vous concocte un programme de toute<br>beaut\u00e9. A suivre sur place ou sur les ondes du world wide web<\/p>\n\n\n\n<figure class=\"wp-block-image size-large\"><img loading=\"lazy\" decoding=\"async\" width=\"725\" height=\"1024\" src=\"https:\/\/lespiedsdansleplateau.fr\/wp-content\/uploads\/2025\/12\/image-725x1024.png\" alt=\"\" class=\"wp-image-747\" srcset=\"https:\/\/lespiedsdansleplateau.fr\/wp-content\/uploads\/2025\/12\/image-725x1024.png 725w, https:\/\/lespiedsdansleplateau.fr\/wp-content\/uploads\/2025\/12\/image-213x300.png 213w, https:\/\/lespiedsdansleplateau.fr\/wp-content\/uploads\/2025\/12\/image.png 768w\" sizes=\"auto, (max-width: 725px) 100vw, 725px\" \/><\/figure>\n\n\n\t\t\t<style type=\"text\/css\"><\/style>\n\t\t\t<div id=\"pp-podcast-8682\" class=\"pp-podcast has-header header-hidden has-featured playerview media-audio\"  data-teaser=\"\" data-elength=\"18\" data-eunit=\"\" data-ppsdata=\"{&quot;ppe-8682-1&quot;:{&quot;title&quot;:&quot;01 Les pieds dans le patin: intro #LPDLpatin&quot;,&quot;description&quot;:&quot;&lt;p&gt;Dimanche 07 d\\u00e9cembre  : nouvelle diff depuis la Grille \\u00e0 Chaley !!Micros en main, patins aux pieds, on vous concocte un programme de toute beaut\\u00e9.&lt;\\\/p&gt;\\n&quot;,&quot;author&quot;:&quot;Les pieds dans le plateau&quot;,&quot;date&quot;:&quot;16 d\\u00e9cembre 2025&quot;,&quot;link&quot;:&quot;https:\\\/\\\/audioblog.arteradio.com\\\/blog\\\/196960\\\/podcast\\\/265644&quot;,&quot;src&quot;:&quot;https:\\\/\\\/sons-audioblogs.arte.tv\\\/audioblogs\\\/v2\\\/sons\\\/196960\\\/265644\\\/podcast_265644_uMd8o.mp3&quot;,&quot;featured&quot;:&quot;https:\\\/\\\/lespiedsdansleplateau.fr\\\/wp-content\\\/uploads\\\/2025\\\/12\\\/origin_265644_y1z9h.png&quot;,&quot;featured_id&quot;:782,&quot;mediatype&quot;:&quot;audio&quot;,&quot;season&quot;:0,&quot;categories&quot;:[],&quot;duration&quot;:&quot;09:33&quot;,&quot;episodetype&quot;:&quot;full&quot;,&quot;timestamp&quot;:1765920051,&quot;key&quot;:&quot;08302ef262d4c20cf2c60d871cdee985&quot;,&quot;fset&quot;:&quot;https:\\\/\\\/lespiedsdansleplateau.fr\\\/wp-content\\\/uploads\\\/2025\\\/12\\\/origin_265644_y1z9h.png 725w, https:\\\/\\\/lespiedsdansleplateau.fr\\\/wp-content\\\/uploads\\\/2025\\\/12\\\/origin_265644_y1z9h-212x300.png 212w&quot;,&quot;fratio&quot;:1.4125},&quot;ppe-8682-2&quot;:{&quot;title&quot;:&quot;02 on va s&#8217;empiffrer #LPDLpatin&quot;,&quot;description&quot;:&quot;&lt;p&gt;Pain et houmous rouge pour cet \\u00e9pisode d&rsquo;On va s&#8217;empiffrer!&lt;\\\/p&gt;\\n&quot;,&quot;author&quot;:&quot;Les pieds dans le plateau&quot;,&quot;date&quot;:&quot;16 d\\u00e9cembre 2025&quot;,&quot;link&quot;:&quot;https:\\\/\\\/audioblog.arteradio.com\\\/blog\\\/196960\\\/podcast\\\/265643&quot;,&quot;src&quot;:&quot;https:\\\/\\\/sons-audioblogs.arte.tv\\\/audioblogs\\\/v2\\\/sons\\\/196960\\\/265643\\\/podcast_265643_mH8Xi.mp3&quot;,&quot;featured&quot;:&quot;https:\\\/\\\/lespiedsdansleplateau.fr\\\/wp-content\\\/uploads\\\/2025\\\/12\\\/origin_265643_rGpD6.png&quot;,&quot;featured_id&quot;:784,&quot;mediatype&quot;:&quot;audio&quot;,&quot;season&quot;:0,&quot;categories&quot;:[],&quot;duration&quot;:&quot;56:58&quot;,&quot;episodetype&quot;:&quot;full&quot;,&quot;timestamp&quot;:1765919948,&quot;key&quot;:&quot;a07b6e247aad29f30143139488a9ae91&quot;,&quot;fset&quot;:&quot;https:\\\/\\\/lespiedsdansleplateau.fr\\\/wp-content\\\/uploads\\\/2025\\\/12\\\/origin_265643_rGpD6.png 725w, https:\\\/\\\/lespiedsdansleplateau.fr\\\/wp-content\\\/uploads\\\/2025\\\/12\\\/origin_265643_rGpD6-212x300.png 212w&quot;,&quot;fratio&quot;:1.4125},&quot;ppe-8682-3&quot;:{&quot;title&quot;:&quot;03 Rap sensible #LPDLpatin&quot;,&quot;description&quot;:&quot;&lt;p&gt;Rap sensible&lt;\\\/p&gt;\\n&quot;,&quot;author&quot;:&quot;Les pieds dans le plateau&quot;,&quot;date&quot;:&quot;16 d\\u00e9cembre 2025&quot;,&quot;link&quot;:&quot;https:\\\/\\\/audioblog.arteradio.com\\\/blog\\\/196960\\\/podcast\\\/265645&quot;,&quot;src&quot;:&quot;https:\\\/\\\/sons-audioblogs.arte.tv\\\/audioblogs\\\/v2\\\/sons\\\/196960\\\/265645\\\/podcast_265645_4R92c.mp3&quot;,&quot;featured&quot;:&quot;https:\\\/\\\/lespiedsdansleplateau.fr\\\/wp-content\\\/uploads\\\/2025\\\/12\\\/origin_265645_d6dWe.png&quot;,&quot;featured_id&quot;:788,&quot;mediatype&quot;:&quot;audio&quot;,&quot;season&quot;:0,&quot;categories&quot;:[],&quot;duration&quot;:&quot;01:09:15&quot;,&quot;episodetype&quot;:&quot;full&quot;,&quot;timestamp&quot;:1765920183,&quot;key&quot;:&quot;88d0f9b93d14ee638333340962c4300c&quot;,&quot;fset&quot;:&quot;https:\\\/\\\/lespiedsdansleplateau.fr\\\/wp-content\\\/uploads\\\/2025\\\/12\\\/origin_265645_d6dWe.png 725w, https:\\\/\\\/lespiedsdansleplateau.fr\\\/wp-content\\\/uploads\\\/2025\\\/12\\\/origin_265645_d6dWe-212x300.png 212w&quot;,&quot;fratio&quot;:1.4125},&quot;ppe-8682-4&quot;:{&quot;title&quot;:&quot;04 Impromptu #LPDLpatin&quot;,&quot;description&quot;:&quot;&lt;p&gt;Impromptu&lt;\\\/p&gt;\\n&quot;,&quot;author&quot;:&quot;Les pieds dans le plateau&quot;,&quot;date&quot;:&quot;16 d\\u00e9cembre 2025&quot;,&quot;link&quot;:&quot;https:\\\/\\\/audioblog.arteradio.com\\\/blog\\\/196960\\\/podcast\\\/265646&quot;,&quot;src&quot;:&quot;https:\\\/\\\/sons-audioblogs.arte.tv\\\/audioblogs\\\/v2\\\/sons\\\/196960\\\/265646\\\/podcast_265646_f3fRl.mp3&quot;,&quot;featured&quot;:&quot;https:\\\/\\\/lespiedsdansleplateau.fr\\\/wp-content\\\/uploads\\\/2025\\\/12\\\/origin_265646_p4rYl.png&quot;,&quot;featured_id&quot;:785,&quot;mediatype&quot;:&quot;audio&quot;,&quot;season&quot;:0,&quot;categories&quot;:[],&quot;duration&quot;:&quot;15:53&quot;,&quot;episodetype&quot;:&quot;full&quot;,&quot;timestamp&quot;:1765920250,&quot;key&quot;:&quot;018a6cc875ea03c3a2067b1d47069fda&quot;,&quot;fset&quot;:&quot;https:\\\/\\\/lespiedsdansleplateau.fr\\\/wp-content\\\/uploads\\\/2025\\\/12\\\/origin_265646_p4rYl.png 725w, https:\\\/\\\/lespiedsdansleplateau.fr\\\/wp-content\\\/uploads\\\/2025\\\/12\\\/origin_265646_p4rYl-212x300.png 212w&quot;,&quot;fratio&quot;:1.4125},&quot;ppe-8682-5&quot;:{&quot;title&quot;:&quot;05 L&rsquo;Ancolie n\\u00b017 #LPDLpatin&quot;,&quot;description&quot;:&quot;&lt;p&gt;Pier Paolo Pasolini&lt;\\\/p&gt;\\n&quot;,&quot;author&quot;:&quot;Les pieds dans le plateau&quot;,&quot;date&quot;:&quot;16 d\\u00e9cembre 2025&quot;,&quot;link&quot;:&quot;https:\\\/\\\/audioblog.arteradio.com\\\/blog\\\/196960\\\/podcast\\\/265647&quot;,&quot;src&quot;:&quot;https:\\\/\\\/sons-audioblogs.arte.tv\\\/audioblogs\\\/v2\\\/sons\\\/196960\\\/265647\\\/podcast_265647_a5yOj.mp3&quot;,&quot;featured&quot;:&quot;https:\\\/\\\/lespiedsdansleplateau.fr\\\/wp-content\\\/uploads\\\/2025\\\/12\\\/origin_265647_l2pEl.png&quot;,&quot;featured_id&quot;:787,&quot;mediatype&quot;:&quot;audio&quot;,&quot;season&quot;:0,&quot;categories&quot;:[],&quot;duration&quot;:&quot;27:02&quot;,&quot;episodetype&quot;:&quot;full&quot;,&quot;timestamp&quot;:1765920352,&quot;key&quot;:&quot;33c55d4aa7001f39134da39fd9403544&quot;,&quot;fset&quot;:&quot;https:\\\/\\\/lespiedsdansleplateau.fr\\\/wp-content\\\/uploads\\\/2025\\\/12\\\/origin_265647_l2pEl.png 725w, https:\\\/\\\/lespiedsdansleplateau.fr\\\/wp-content\\\/uploads\\\/2025\\\/12\\\/origin_265647_l2pEl-212x300.png 212w&quot;,&quot;fratio&quot;:1.4125},&quot;ppe-8682-6&quot;:{&quot;title&quot;:&quot;06 Comment revenir #LPDLpatin&quot;,&quot;description&quot;:&quot;&lt;p&gt;Comment revenir ?\\u00a0c&rsquo;est un monologue -accompagn\\u00e9 de quelques musiques- sur pourquoi j&rsquo;ai arr\\u00eat\\u00e9 Zik feministe, sur pourquoi j&rsquo;ai mis du temps \\u00e0 revenir \\u00e0 la radio malgr\\u00e9 l&rsquo;envie, et sur le questionnement de comment j&rsquo;avais envie d&rsquo;y revenir.En gros, j&rsquo;y raconte ce que j&rsquo;ai v\\u00e9cu pendant ces 2 derni\\u00e8res ann\\u00e9es, de fun ou de moins fun.Emission clairement pr\\u00e9par\\u00e9e \\u00e0 l&rsquo;arrache. Plein de choses \\u00e0 revoir. Et vos retours sont les bienvenus ! &lt;3Playlist des musiques pass\\u00e9es :- Vicky R &#8211; F*ck le rap feminin\\u00a0(Ref&#039; \\u00e0 l&#039;emision Rap sensible\\u00a0de la diffusion de d\\u00e9cembre 2023)- Clara Ys\\u00e9 &#8211; Douce\\u00a0(Ref&#039; au 1\\u00b0 \\u00e9pisode de Zik Feministe, 1 an de la radio, janvier 2024)- Nicolas Seguy &#8211; J&#039;cogite j&#039;gamberge\\u00a0&#8211; Scylla, Furax et L&#039;hexaler &#8211; Les yeux ferm\\u00e9s\\u00a0(&#8221;Apprendre \\u00e0 garder l&#039;oeil ouvert avec des paupi\\u00e8res closes&#8221;)- Sofian Pamart et Bon entendeur &#8211; Alba\\u00a0(D\\u00e9dicace ma petite ni\\u00e8ce d&#039;amour)- Jive Me &#8211;\\u00a0Allez tous vous faire\\u00a0(Lourd !!!)- Nathy Peluso &#8211; Aprender a Amar\\u00a0(La queeeeen)- Ojos &#8211; 100 fois\\u00a0(Qui cloture tr\\u00e8s bien tout ce que j&#039;ai racont\\u00e9 pendant l&#039;\\u00e9mission..)&lt;\\\/p&gt;\\n&quot;,&quot;author&quot;:&quot;Les pieds dans le plateau&quot;,&quot;date&quot;:&quot;16 d\\u00e9cembre 2025&quot;,&quot;link&quot;:&quot;https:\\\/\\\/audioblog.arteradio.com\\\/blog\\\/196960\\\/podcast\\\/265648&quot;,&quot;src&quot;:&quot;https:\\\/\\\/sons-audioblogs.arte.tv\\\/audioblogs\\\/v2\\\/sons\\\/196960\\\/265648\\\/podcast_265648_hZyKl.mp3&quot;,&quot;featured&quot;:&quot;https:\\\/\\\/sons-audioblogs.arte.tv\\\/audioblogs\\\/v2\\\/sons\\\/196960\\\/265648\\\/origin_265648_l2fJn.png&quot;,&quot;featured_id&quot;:0,&quot;mediatype&quot;:&quot;audio&quot;,&quot;season&quot;:0,&quot;categories&quot;:[],&quot;duration&quot;:&quot;49:45&quot;,&quot;episodetype&quot;:&quot;full&quot;,&quot;timestamp&quot;:1765920520,&quot;key&quot;:&quot;8aeeaf2cfb2562bed04501ce84f6c403&quot;,&quot;fset&quot;:&quot;&quot;,&quot;fratio&quot;:1},&quot;ppe-8682-7&quot;:{&quot;title&quot;:&quot;07 Histoires crois\\u00e9es de la grille #LPDLpatin&quot;,&quot;description&quot;:&quot;&lt;p&gt;La grille: Interview avec Christian, habitant de Tenay, qui raconte l&rsquo;histoire de l&rsquo;ancienne usine et avec des personnes du collectif qui a repris ce lieu pour en faire un tiers-lieu culturel&lt;\\\/p&gt;\\n&quot;,&quot;author&quot;:&quot;Les pieds dans le plateau&quot;,&quot;date&quot;:&quot;16 d\\u00e9cembre 2025&quot;,&quot;link&quot;:&quot;https:\\\/\\\/audioblog.arteradio.com\\\/blog\\\/196960\\\/podcast\\\/265649&quot;,&quot;src&quot;:&quot;https:\\\/\\\/sons-audioblogs.arte.tv\\\/audioblogs\\\/v2\\\/sons\\\/196960\\\/265649\\\/podcast_265649_gVzXh.mp3&quot;,&quot;featured&quot;:&quot;https:\\\/\\\/sons-audioblogs.arte.tv\\\/audioblogs\\\/v2\\\/sons\\\/196960\\\/265649\\\/origin_265649_fA4Xv.png&quot;,&quot;featured_id&quot;:0,&quot;mediatype&quot;:&quot;audio&quot;,&quot;season&quot;:0,&quot;categories&quot;:[],&quot;duration&quot;:&quot;18:08&quot;,&quot;episodetype&quot;:&quot;full&quot;,&quot;timestamp&quot;:1765920731,&quot;key&quot;:&quot;79319ebf244cec86d42fa39db6eea54e&quot;,&quot;fset&quot;:&quot;&quot;,&quot;fratio&quot;:1},&quot;ppe-8682-8&quot;:{&quot;title&quot;:&quot;08 Emission des luttes: actus de Gaza #LPDLpatin&quot;,&quot;description&quot;:&quot;&lt;p&gt;https:\\\/\\\/music.youtube.com\\\/watch?v=XkyxGjQQaZEhttps:\\\/\\\/www.youtube.com\\\/watch?v=szkv43JtlHMhttps:\\\/\\\/www.youtube.com\\\/@manuelmusallam7690Facebook Abouna https:\\\/\\\/www.youtube.com\\\/watch?v=32ebVxccjochttps:\\\/\\\/encms-abouna-org.translate.goog\\\/article\\\/diamond-jubilee-fr-manuel-musallam?_x_tr_sl=auto&amp;_x_tr_tl=fr&amp;_x_tr_hl=frhttps:\\\/\\\/www.middleeasteye.net\\\/https:\\\/\\\/www.chroniquepalestine.com\\\/&lt;\\\/p&gt;\\n&quot;,&quot;author&quot;:&quot;Les pieds dans le plateau&quot;,&quot;date&quot;:&quot;16 d\\u00e9cembre 2025&quot;,&quot;link&quot;:&quot;https:\\\/\\\/audioblog.arteradio.com\\\/blog\\\/196960\\\/podcast\\\/265650&quot;,&quot;src&quot;:&quot;https:\\\/\\\/sons-audioblogs.arte.tv\\\/audioblogs\\\/v2\\\/sons\\\/196960\\\/265650\\\/podcast_265650_17mT8.mp3&quot;,&quot;featured&quot;:&quot;https:\\\/\\\/lespiedsdansleplateau.fr\\\/wp-content\\\/uploads\\\/2025\\\/12\\\/origin_265650_1NjLg.png&quot;,&quot;featured_id&quot;:786,&quot;mediatype&quot;:&quot;audio&quot;,&quot;season&quot;:0,&quot;categories&quot;:[],&quot;duration&quot;:&quot;31:18&quot;,&quot;episodetype&quot;:&quot;full&quot;,&quot;timestamp&quot;:1765920975,&quot;key&quot;:&quot;58d576ef4990d17a2fc9c44da3c581ad&quot;,&quot;fset&quot;:&quot;https:\\\/\\\/lespiedsdansleplateau.fr\\\/wp-content\\\/uploads\\\/2025\\\/12\\\/origin_265650_1NjLg.png 725w, https:\\\/\\\/lespiedsdansleplateau.fr\\\/wp-content\\\/uploads\\\/2025\\\/12\\\/origin_265650_1NjLg-212x300.png 212w&quot;,&quot;fratio&quot;:1.4125},&quot;load_info&quot;:{&quot;loaded&quot;:8,&quot;displayed&quot;:10,&quot;offset&quot;:0,&quot;maxItems&quot;:8,&quot;src&quot;:&quot;d7c8cb3190147f282d8c01e1cee58f3d&quot;,&quot;step&quot;:10,&quot;sortby&quot;:&quot;sort_title_asc&quot;,&quot;filterby&quot;:&quot;#LPDLpatin&quot;,&quot;fixed&quot;:&quot;&quot;,&quot;args&quot;:{&quot;imgurl&quot;:&quot;https:\\\/\\\/back-audioblog.arteradio.com\\\/sites\\\/default\\\/files\\\/pictures\\\/origin_196960_g5wBj.jpg&quot;,&quot;imgset&quot;:&quot;&quot;,&quot;display&quot;:&quot;&quot;,&quot;hddesc&quot;:0,&quot;hdfeat&quot;:0,&quot;oricov&quot;:&quot;https:\\\/\\\/back-audioblog.arteradio.com\\\/sites\\\/default\\\/files\\\/pictures\\\/origin_196960_g5wBj.jpg&quot;,&quot;elength&quot;:18}},&quot;rdata&quot;:{&quot;permalink&quot;:&quot;https:\\\/\\\/lespiedsdansleplateau.fr\\\/wp-json\\\/wp\\\/v2\\\/posts\\\/746&quot;,&quot;fprint&quot;:&quot;d7c8cb3190147f282d8c01e1cee58f3d&quot;,&quot;from&quot;:&quot;feedurl&quot;,&quot;elen&quot;:18,&quot;eunit&quot;:&quot;&quot;,&quot;teaser&quot;:&quot;&quot;,&quot;title&quot;:&quot;Les pieds dans le plateau&quot;,&quot;autoplay&quot;:&quot;autoplay&quot;}}\"><div class=\"pp-podcast__wrapper\"><div class=\"pp-podcast__info pod-info\"><div class=\"pod-info__header pod-header\"><div class=\"pod-header__image\"><div class=\"pod-header__image-wrapper\"><img decoding=\"async\" class=\"podcast-cover-image\" src=\"https:\/\/back-audioblog.arteradio.com\/sites\/default\/files\/pictures\/origin_196960_g5wBj.jpg\" srcset=\"\" sizes=\"(max-width: 640px) 100vw, 25vw\" alt=\"Les pieds dans le plateau\"><\/div><span class=\"pod-header__image-style\" style=\"display: block; width: 100%; padding-top: 100%\"><\/div><div class=\"pod-header__items pod-items\"><div class=\"pod-items__title\">Les pieds dans le plateau<\/div><div class=\"pod-items__desc\"><p>Et si on faisait de la radio ?Une vingtaine de personnes ont d\u00e9cid\u00e9 de cr\u00e9er une radio associative et libre dans le Bugey. Suivez leurs p\u00e9r\u00e9grinations radiophoniques !<\/p>\n<\/div><\/div><\/div><\/div><div class=\"pp-podcast__content pod-content\"><div class=\"pp-podcast__single\"><div class=\"pp-podcast__player\"><div class=\"pp-player-episode\"><audio id=\"pp-podcast-8682-player\" preload=\"none\" class=\"pp-podcast-episode\" style=\"width: 100%;\" controls=\"controls\"><source type=\"audio\/mpeg\" src=\"https:\/\/sons-audioblogs.arte.tv\/audioblogs\/v2\/sons\/196960\/265644\/podcast_265644_uMd8o.mp3\" \/><\/audio><\/div><\/div><div class=\"pod-content__episode episode-single\"><button class=\"episode-single__close\" aria-expanded=\"false\" aria-label=\"Close Single Episode\"><span class=\"btn-icon-wrap\"><svg class=\"icon icon-pp-x\" aria-hidden=\"true\" role=\"img\" focusable=\"false\"><use href=\"#icon-pp-x\" xlink:href=\"#icon-pp-x\"><\/use><\/svg><\/span><\/button><div class=\"episode-single__wrapper\"><div class=\"episode-single__header\"><div class=\"episode-single__title\">01 Les pieds dans le patin: intro #LPDLpatin<\/div><div class=\"episode-single__author\"><span class=\"byname\">by<\/span><span class=\"single-author\">Les pieds dans le plateau<\/span><\/div><\/div><div class=\"episode-single__description\"><p>Dimanche 07 d\u00e9cembre  : nouvelle diff depuis la Grille \u00e0 Chaley !!Micros en main, patins aux pieds, on vous concocte un programme de toute beaut\u00e9.<\/p><\/div><\/div><div class=\"ppjs__img-wrapper \"><div class=\"ppjs__img-btn-cover\"><img decoding=\"async\" class=\"ppjs__img-btn\" src=\"https:\/\/lespiedsdansleplateau.fr\/wp-content\/uploads\/2025\/12\/origin_265644_y1z9h.png\" srcset=\"https:\/\/lespiedsdansleplateau.fr\/wp-content\/uploads\/2025\/12\/origin_265644_y1z9h.png 725w, https:\/\/lespiedsdansleplateau.fr\/wp-content\/uploads\/2025\/12\/origin_265644_y1z9h-212x300.png 212w\" sizes=\"(max-width: 640px) 100vw, 300px\" alt=\"01 Les pieds dans le patin: intro #LPDLpatin\"><\/div><div><span class=\"ppjs__img-btn-style\" style=\"display: block; width: 100%; padding-top: 141.25%\"><\/div><\/div><\/div><\/div><div class=\"pod-content__list episode-list\"><div class=\"episode-list__filters\"><div class=\"episode-list__search\"><label class=\"label-episode-search\"><span class=\"ppjs__offscreen\">Search Episodes<\/span><input type=\"text\" placeholder=\"Search Episodes\" title=\"Search Podcast Episodes\"\/><\/label><span class=\"episode-list__search-icon\"><svg class=\"icon icon-pp-search\" aria-hidden=\"true\" role=\"img\" focusable=\"false\"><use href=\"#icon-pp-search\" xlink:href=\"#icon-pp-search\"><\/use><\/svg><\/span><\/div><button class=\"episode-list__clear-search pod-button\"><svg class=\"icon icon-pp-x\" aria-hidden=\"true\" role=\"img\" focusable=\"false\"><use href=\"#icon-pp-x\" xlink:href=\"#icon-pp-x\"><\/use><\/svg><span class=\"ppjs__offscreen\">Clear Search<\/span><\/button><\/div><div class=\"episode-list__wrapper\">\n<div id=\"ppe-8682-1\" class=\"episode-list__entry pod-entry\" data-search-term=\"01 les pieds dans le patin: intro #lpdlpatin\" data-cats=\"\">\n\t<div class=\"pod-entry__wrapper\">\n\t\t<div class=\"pod-entry__content\">\n\t\t\t<div class=\"pod-entry__title\">\n\t\t\t\t<a href=\"https:\/\/audioblog.arteradio.com\/blog\/196960\/podcast\/265644\">01 Les pieds dans le patin: intro #LPDLpatin<\/a>\n\t\t\t<\/div>\n\t\t\t<div class=\"pod-entry__date\">16 d\u00e9cembre 2025<\/div>\n\t\t\t\t\t\t\t<div class=\"pod-entry__author\">Les pieds dans le plateau<\/div>\n\t\t\t\t\t<\/div>\n\t<\/div>\n<\/div>\n\n<div id=\"ppe-8682-2\" class=\"episode-list__entry pod-entry\" data-search-term=\"02 on va s&#8217;empiffrer #lpdlpatin\" data-cats=\"\">\n\t<div class=\"pod-entry__wrapper\">\n\t\t<div class=\"pod-entry__content\">\n\t\t\t<div class=\"pod-entry__title\">\n\t\t\t\t<a href=\"https:\/\/audioblog.arteradio.com\/blog\/196960\/podcast\/265643\">02 on va s&#8217;empiffrer #LPDLpatin<\/a>\n\t\t\t<\/div>\n\t\t\t<div class=\"pod-entry__date\">16 d\u00e9cembre 2025<\/div>\n\t\t\t\t\t\t\t<div class=\"pod-entry__author\">Les pieds dans le plateau<\/div>\n\t\t\t\t\t<\/div>\n\t<\/div>\n<\/div>\n\n<div id=\"ppe-8682-3\" class=\"episode-list__entry pod-entry\" data-search-term=\"03 rap sensible #lpdlpatin\" data-cats=\"\">\n\t<div class=\"pod-entry__wrapper\">\n\t\t<div class=\"pod-entry__content\">\n\t\t\t<div class=\"pod-entry__title\">\n\t\t\t\t<a href=\"https:\/\/audioblog.arteradio.com\/blog\/196960\/podcast\/265645\">03 Rap sensible #LPDLpatin<\/a>\n\t\t\t<\/div>\n\t\t\t<div class=\"pod-entry__date\">16 d\u00e9cembre 2025<\/div>\n\t\t\t\t\t\t\t<div class=\"pod-entry__author\">Les pieds dans le plateau<\/div>\n\t\t\t\t\t<\/div>\n\t<\/div>\n<\/div>\n\n<div id=\"ppe-8682-4\" class=\"episode-list__entry pod-entry\" data-search-term=\"04 impromptu #lpdlpatin\" data-cats=\"\">\n\t<div class=\"pod-entry__wrapper\">\n\t\t<div class=\"pod-entry__content\">\n\t\t\t<div class=\"pod-entry__title\">\n\t\t\t\t<a href=\"https:\/\/audioblog.arteradio.com\/blog\/196960\/podcast\/265646\">04 Impromptu #LPDLpatin<\/a>\n\t\t\t<\/div>\n\t\t\t<div class=\"pod-entry__date\">16 d\u00e9cembre 2025<\/div>\n\t\t\t\t\t\t\t<div class=\"pod-entry__author\">Les pieds dans le plateau<\/div>\n\t\t\t\t\t<\/div>\n\t<\/div>\n<\/div>\n\n<div id=\"ppe-8682-5\" class=\"episode-list__entry pod-entry\" data-search-term=\"05 l&rsquo;ancolie n\u00b017 #lpdlpatin\" data-cats=\"\">\n\t<div class=\"pod-entry__wrapper\">\n\t\t<div class=\"pod-entry__content\">\n\t\t\t<div class=\"pod-entry__title\">\n\t\t\t\t<a href=\"https:\/\/audioblog.arteradio.com\/blog\/196960\/podcast\/265647\">05 L&rsquo;Ancolie n\u00b017 #LPDLpatin<\/a>\n\t\t\t<\/div>\n\t\t\t<div class=\"pod-entry__date\">16 d\u00e9cembre 2025<\/div>\n\t\t\t\t\t\t\t<div class=\"pod-entry__author\">Les pieds dans le plateau<\/div>\n\t\t\t\t\t<\/div>\n\t<\/div>\n<\/div>\n\n<div id=\"ppe-8682-6\" class=\"episode-list__entry pod-entry\" data-search-term=\"06 comment revenir #lpdlpatin\" data-cats=\"\">\n\t<div class=\"pod-entry__wrapper\">\n\t\t<div class=\"pod-entry__content\">\n\t\t\t<div class=\"pod-entry__title\">\n\t\t\t\t<a href=\"https:\/\/audioblog.arteradio.com\/blog\/196960\/podcast\/265648\">06 Comment revenir #LPDLpatin<\/a>\n\t\t\t<\/div>\n\t\t\t<div class=\"pod-entry__date\">16 d\u00e9cembre 2025<\/div>\n\t\t\t\t\t\t\t<div class=\"pod-entry__author\">Les pieds dans le plateau<\/div>\n\t\t\t\t\t<\/div>\n\t<\/div>\n<\/div>\n\n<div id=\"ppe-8682-7\" class=\"episode-list__entry pod-entry\" data-search-term=\"07 histoires crois\u00e9es de la grille #lpdlpatin\" data-cats=\"\">\n\t<div class=\"pod-entry__wrapper\">\n\t\t<div class=\"pod-entry__content\">\n\t\t\t<div class=\"pod-entry__title\">\n\t\t\t\t<a href=\"https:\/\/audioblog.arteradio.com\/blog\/196960\/podcast\/265649\">07 Histoires crois\u00e9es de la grille #LPDLpatin<\/a>\n\t\t\t<\/div>\n\t\t\t<div class=\"pod-entry__date\">16 d\u00e9cembre 2025<\/div>\n\t\t\t\t\t\t\t<div class=\"pod-entry__author\">Les pieds dans le plateau<\/div>\n\t\t\t\t\t<\/div>\n\t<\/div>\n<\/div>\n\n<div id=\"ppe-8682-8\" class=\"episode-list__entry pod-entry\" data-search-term=\"08 emission des luttes: actus de gaza #lpdlpatin\" data-cats=\"\">\n\t<div class=\"pod-entry__wrapper\">\n\t\t<div class=\"pod-entry__content\">\n\t\t\t<div class=\"pod-entry__title\">\n\t\t\t\t<a href=\"https:\/\/audioblog.arteradio.com\/blog\/196960\/podcast\/265650\">08 Emission des luttes: actus de Gaza #LPDLpatin<\/a>\n\t\t\t<\/div>\n\t\t\t<div class=\"pod-entry__date\">16 d\u00e9cembre 2025<\/div>\n\t\t\t\t\t\t\t<div class=\"pod-entry__author\">Les pieds dans le plateau<\/div>\n\t\t\t\t\t<\/div>\n\t<\/div>\n<\/div>\n<div class=\"episode-list__search-results episode-search\"><span class=\"ppjs__offscreen\">Search Results placeholder<\/span><\/div><\/div><\/div><div class=\"ppjs__list-reveal\"><div class=\"ppjs__button\"><button class=\"pp-prev-btn\"><span class=\"ppjs__offscreen\">Previous Episode<\/span><span class=\"btn-icon-wrap\"><svg class=\"icon icon-pp-previous\" aria-hidden=\"true\" role=\"img\" focusable=\"false\"><use href=\"#icon-pp-previous\" xlink:href=\"#icon-pp-previous\"><\/use><\/svg><\/span><\/button><\/div><div class=\"ppjs__button\"><button class=\"pp-list-btn\"><span class=\"ppjs__offscreen\">Show Episodes List<\/span><span class=\"btn-icon-wrap\"><svg class=\"icon icon-pp-show-list\" aria-hidden=\"true\" role=\"img\" focusable=\"false\"><use href=\"#icon-pp-show-list\" xlink:href=\"#icon-pp-show-list\"><\/use><\/svg><svg class=\"icon icon-pp-hide-list\" aria-hidden=\"true\" role=\"img\" focusable=\"false\"><use href=\"#icon-pp-hide-list\" xlink:href=\"#icon-pp-hide-list\"><\/use><\/svg><\/span><\/button><\/div><div class=\"ppjs__button\"><button class=\"pp-next-btn\"><span class=\"ppjs__offscreen\">Next Episode<\/span><span class=\"btn-icon-wrap\"><svg class=\"icon icon-pp-next\" aria-hidden=\"true\" role=\"img\" focusable=\"false\"><use href=\"#icon-pp-next\" xlink:href=\"#icon-pp-next\"><\/use><\/svg><\/span><\/button><\/div><\/div><\/div><\/div><div class=\"pod-content__launcher pod-launch\"><button class=\"pod-launch__button pod-launch__info pod-button\" aria-expanded=\"false\"><span class=\"ppjs__offscreen\">Show Podcast Information<\/span><span class=\"btn-icon-wrap\"><svg class=\"icon icon-pp-podcast\" aria-hidden=\"true\" role=\"img\" focusable=\"false\"><use href=\"#icon-pp-podcast\" xlink:href=\"#icon-pp-podcast\"><\/use><\/svg><svg class=\"icon icon-pp-x\" aria-hidden=\"true\" role=\"img\" focusable=\"false\"><use href=\"#icon-pp-x\" xlink:href=\"#icon-pp-x\"><\/use><\/svg><\/span><\/button><\/div><\/div>\n\n\n\n<p class=\"has-text-align-center\"><strong>La prog :<\/strong><\/p>\n\n\n\n<p class=\"has-text-align-center\">13h: intro<\/p>\n\n\n\n<p class=\"has-text-align-center\">13h10: on va s&#8217;empiffrer<\/p>\n\n\n\n<p class=\"has-text-align-center\">14h10: Rap sensible<\/p>\n\n\n\n<p class=\"has-text-align-center\">15h10: L&rsquo;impromptu du mois de d\u00e9cembre<\/p>\n\n\n\n<p class=\"has-text-align-center\">15h15: Le Grand Direct: Roller Final mixte&nbsp;<\/p>\n\n\n\n<p class=\"has-text-align-center\">15h20: L&rsquo;ancolie<\/p>\n\n\n\n<p class=\"has-text-align-center\">15h50: Comment revenir ?<\/p>\n\n\n\n<p class=\"has-text-align-center\">16h40: Histoire de la grille et actualit\u00e9s&nbsp;<\/p>\n\n\n\n<p class=\"has-text-align-center\">17h10 : Actu Gaza <\/p>\n\n\n\n<p class=\"has-text-align-center\">17h30: agenda<\/p>\n\n\n\n<p><\/p>\n","protected":false},"excerpt":{"rendered":"<p>ET BIM ON REMET LE COUVERT !&nbsp;Dimanche 07 d\u00e9cembre &nbsp;: nouvelle diff depuisla Grille \u00e0 Chaley !! Micros en main, patins aux pieds, on vous concocte un programme de toutebeaut\u00e9. A suivre sur place ou sur les ondes du world &hellip; <a href=\"https:\/\/lespiedsdansleplateau.fr\/index.php\/2025\/12\/06\/les-pieds-dans-le-patin\/\">Continuer la lecture <span class=\"meta-nav\">&rarr;<\/span><\/a><\/p>\n","protected":false},"author":1,"featured_media":0,"comment_status":"closed","ping_status":"closed","sticky":false,"template":"","format":"standard","meta":{"footnotes":""},"categories":[2],"tags":[],"class_list":["post-746","post","type-post","status-publish","format-standard","hentry","category-actualites"],"_links":{"self":[{"href":"https:\/\/lespiedsdansleplateau.fr\/index.php\/wp-json\/wp\/v2\/posts\/746","targetHints":{"allow":["GET"]}}],"collection":[{"href":"https:\/\/lespiedsdansleplateau.fr\/index.php\/wp-json\/wp\/v2\/posts"}],"about":[{"href":"https:\/\/lespiedsdansleplateau.fr\/index.php\/wp-json\/wp\/v2\/types\/post"}],"author":[{"embeddable":true,"href":"https:\/\/lespiedsdansleplateau.fr\/index.php\/wp-json\/wp\/v2\/users\/1"}],"replies":[{"embeddable":true,"href":"https:\/\/lespiedsdansleplateau.fr\/index.php\/wp-json\/wp\/v2\/comments?post=746"}],"version-history":[{"count":8,"href":"https:\/\/lespiedsdansleplateau.fr\/index.php\/wp-json\/wp\/v2\/posts\/746\/revisions"}],"predecessor-version":[{"id":783,"href":"https:\/\/lespiedsdansleplateau.fr\/index.php\/wp-json\/wp\/v2\/posts\/746\/revisions\/783"}],"wp:attachment":[{"href":"https:\/\/lespiedsdansleplateau.fr\/index.php\/wp-json\/wp\/v2\/media?parent=746"}],"wp:term":[{"taxonomy":"category","embeddable":true,"href":"https:\/\/lespiedsdansleplateau.fr\/index.php\/wp-json\/wp\/v2\/categories?post=746"},{"taxonomy":"post_tag","embeddable":true,"href":"https:\/\/lespiedsdansleplateau.fr\/index.php\/wp-json\/wp\/v2\/tags?post=746"}],"curies":[{"name":"wp","href":"https:\/\/api.w.org\/{rel}","templated":true}]}}