{"id":843,"date":"2026-03-12T09:56:46","date_gmt":"2026-03-12T08:56:46","guid":{"rendered":"https:\/\/lespiedsdansleplateau.fr\/?p=843"},"modified":"2026-04-01T16:15:58","modified_gmt":"2026-04-01T14:15:58","slug":"les-pieds-dans-les-urnes","status":"publish","type":"post","link":"https:\/\/lespiedsdansleplateau.fr\/index.php\/2026\/03\/12\/les-pieds-dans-les-urnes\/","title":{"rendered":"\u00ab\u00a0Les pieds dans les urnes\u00a0\u00bb"},"content":{"rendered":"\n<p class=\"has-text-align-center\"><em>(Ne pas voter avec les pieds)<\/em><\/p>\n\n\n\n<p>Les pieds dans le plateau a choisi le 15 mars, journ\u00e9e de mobilisation politique, pour sa diffusion mensuelle, est ce un signe, une co\u00efncidence&#8230;? Au programme, reportage de terrain, analyse de l&rsquo;actualit\u00e9, un peu de personnel, de la musique, de l&rsquo;humour et des \u00e9toiles&#8230;<\/p>\n\n\n\t\t\t<style type=\"text\/css\"><\/style>\n\t\t\t<div id=\"pp-podcast-4045\" class=\"pp-podcast has-header header-hidden has-featured playerview media-audio\"  data-teaser=\"\" data-elength=\"18\" data-eunit=\"\" data-ppsdata=\"{&quot;ppe-4045-1&quot;:{&quot;title&quot;:&quot;01 Intro #LPDLurnes&quot;,&quot;description&quot;:&quot;&lt;p&gt;Envoy\\u00e9 sp\\u00e9cial pour une intro sp\\u00e9ciale&lt;\\\/p&gt;\\n&quot;,&quot;author&quot;:&quot;Les pieds dans le plateau&quot;,&quot;date&quot;:&quot;26 mars 2026&quot;,&quot;link&quot;:&quot;https:\\\/\\\/audioblog.arteradio.com\\\/blog\\\/196960\\\/podcast\\\/272020&quot;,&quot;src&quot;:&quot;https:\\\/\\\/back-audioblog.arteradio.com\\\/sites\\\/default\\\/files\\\/audios\\\/origin_podcast_272020_4HiZb.mp3&quot;,&quot;featured&quot;:&quot;https:\\\/\\\/lespiedsdansleplateau.fr\\\/wp-content\\\/uploads\\\/2026\\\/03\\\/origin_272020_c9rMm-768x512.png&quot;,&quot;featured_id&quot;:856,&quot;mediatype&quot;:&quot;audio&quot;,&quot;season&quot;:0,&quot;categories&quot;:[],&quot;duration&quot;:&quot;06:16&quot;,&quot;episodetype&quot;:&quot;full&quot;,&quot;timestamp&quot;:1774549701,&quot;key&quot;:&quot;ebc97b736306847aea4a47a9c390ff30&quot;,&quot;fset&quot;:&quot;https:\\\/\\\/lespiedsdansleplateau.fr\\\/wp-content\\\/uploads\\\/2026\\\/03\\\/origin_272020_c9rMm-768x512.png 768w, https:\\\/\\\/lespiedsdansleplateau.fr\\\/wp-content\\\/uploads\\\/2026\\\/03\\\/origin_272020_c9rMm-300x200.png 300w, https:\\\/\\\/lespiedsdansleplateau.fr\\\/wp-content\\\/uploads\\\/2026\\\/03\\\/origin_272020_c9rMm-1024x683.png 1024w, https:\\\/\\\/lespiedsdansleplateau.fr\\\/wp-content\\\/uploads\\\/2026\\\/03\\\/origin_272020_c9rMm.png 1280w&quot;,&quot;fratio&quot;:0.6671875},&quot;ppe-4045-2&quot;:{&quot;title&quot;:&quot;02 Que vive la Palestine #LPDLurnes&quot;,&quot;description&quot;:&quot;&lt;p&gt;Que vive la Palestine, MarineMarine \\u00e9pisode1: https:\\\/\\\/www.radiofrance.fr\\\/franceculture\\\/podcasts\\\/les-pieds-sur-terre\\\/les-pieds-sur-terre-emission-du-mardi-25-novembre-2025-7921572 + https:\\\/\\\/www.telerama.fr\\\/radio\\\/deces-de-la-journaliste-marine-vlahovic-le-c-ur-en-plus-de-la-rigueur-7023220.php + https:\\\/\\\/www.mediapart.fr\\\/journal\\\/dossier\\\/international\\\/du-conflit-israelo-palestinien-au-conflit-israelo-israelien + https:\\\/\\\/www.mediapart.fr\\\/journal\\\/international\\\/071223\\\/gaza-le-camp-de-jabalia-bastion-du-hamas-devenu-mer-de-sang + Emission C&rsquo;Ce soir https:\\\/\\\/www.youtube.com\\\/watch?v=hi6NdYB1Eio + https:\\\/\\\/orientxxi.info\\\/7809,7809 + Interview Arte https:\\\/\\\/www.youtube.com watchv=DKhQ47eFCXg&amp;t=1890s + https:\\\/\\\/www.laprovence.com\\\/article\\\/faits-divers-justice\\\/1217331181543315\\\/mort-de-la-journaliste-marine-vlahovic-la-piste-criminelle-semble-devoir-etre-ecartee + https:\\\/\\\/fr.wikipedia.org\\\/wiki\\\/Marine_Vlahovic + https:\\\/\\\/www.arteradio.com\\\/serie\\\/carnets-de-correspondante + https:\\\/\\\/www.arteradio.com\\\/son\\\/carnets-de-correspondante-6-6-gaza-calling + https:\\\/\\\/www.arteradio.com\\\/son\\\/la-derniere-classe + https:\\\/\\\/www.arteradio.com\\\/son\\\/le-souffle-de-beyrouth + Voix pour la Palestine: https:\\\/\\\/www.youtube.com\\\/watch?v=LJBbigadCK4&amp;list=RDLJBbigadCK4&amp;start_radio=1 + Dylan Vlahovic, Palestina, https:\\\/\\\/www.youtube.com\\\/watch?v=WW87-J63chw&amp;list=RDWW87-J63chw&amp;start_radio=1&lt;\\\/p&gt;\\n&quot;,&quot;author&quot;:&quot;Les pieds dans le plateau&quot;,&quot;date&quot;:&quot;26 mars 2026&quot;,&quot;link&quot;:&quot;https:\\\/\\\/audioblog.arteradio.com\\\/blog\\\/196960\\\/podcast\\\/272022&quot;,&quot;src&quot;:&quot;https:\\\/\\\/back-audioblog.arteradio.com\\\/sites\\\/default\\\/files\\\/audios\\\/origin_podcast_272022_vNmS9.mp3&quot;,&quot;featured&quot;:&quot;https:\\\/\\\/lespiedsdansleplateau.fr\\\/wp-content\\\/uploads\\\/2026\\\/03\\\/origin_272022_vO2Mp-768x512.png&quot;,&quot;featured_id&quot;:862,&quot;mediatype&quot;:&quot;audio&quot;,&quot;season&quot;:0,&quot;categories&quot;:[],&quot;duration&quot;:&quot;28:53&quot;,&quot;episodetype&quot;:&quot;full&quot;,&quot;timestamp&quot;:1774550044,&quot;key&quot;:&quot;0c68eb68ffe2b658d278813632d44f3c&quot;,&quot;fset&quot;:&quot;https:\\\/\\\/lespiedsdansleplateau.fr\\\/wp-content\\\/uploads\\\/2026\\\/03\\\/origin_272022_vO2Mp-768x512.png 768w, https:\\\/\\\/lespiedsdansleplateau.fr\\\/wp-content\\\/uploads\\\/2026\\\/03\\\/origin_272022_vO2Mp-300x200.png 300w, https:\\\/\\\/lespiedsdansleplateau.fr\\\/wp-content\\\/uploads\\\/2026\\\/03\\\/origin_272022_vO2Mp-1024x683.png 1024w, https:\\\/\\\/lespiedsdansleplateau.fr\\\/wp-content\\\/uploads\\\/2026\\\/03\\\/origin_272022_vO2Mp.png 1280w&quot;,&quot;fratio&quot;:0.6671875},&quot;ppe-4045-3&quot;:{&quot;title&quot;:&quot;03 Musique th\\u00e9rapie #LPDLurnes&quot;,&quot;description&quot;:&quot;&lt;p&gt;Invit\\u00e9 de marque pour un nouvel \\u00e9pisode&lt;\\\/p&gt;\\n&quot;,&quot;author&quot;:&quot;Les pieds dans le plateau&quot;,&quot;date&quot;:&quot;26 mars 2026&quot;,&quot;link&quot;:&quot;https:\\\/\\\/audioblog.arteradio.com\\\/blog\\\/196960\\\/podcast\\\/272023&quot;,&quot;src&quot;:&quot;https:\\\/\\\/back-audioblog.arteradio.com\\\/sites\\\/default\\\/files\\\/audios\\\/origin_podcast_272023_8RqB2.mp3&quot;,&quot;featured&quot;:&quot;https:\\\/\\\/lespiedsdansleplateau.fr\\\/wp-content\\\/uploads\\\/2026\\\/04\\\/podcast-episode-image-7591959c369dc9ca676f58cbd3b6ce85-768x512.png&quot;,&quot;featured_id&quot;:880,&quot;mediatype&quot;:&quot;audio&quot;,&quot;season&quot;:0,&quot;categories&quot;:[],&quot;duration&quot;:&quot;32:30&quot;,&quot;episodetype&quot;:&quot;full&quot;,&quot;timestamp&quot;:1774550279,&quot;key&quot;:&quot;bb34cdc2cbddad373b51094fd5c60803&quot;,&quot;fset&quot;:&quot;https:\\\/\\\/lespiedsdansleplateau.fr\\\/wp-content\\\/uploads\\\/2026\\\/04\\\/podcast-episode-image-7591959c369dc9ca676f58cbd3b6ce85-768x512.png 768w, https:\\\/\\\/lespiedsdansleplateau.fr\\\/wp-content\\\/uploads\\\/2026\\\/04\\\/podcast-episode-image-7591959c369dc9ca676f58cbd3b6ce85-300x200.png 300w, https:\\\/\\\/lespiedsdansleplateau.fr\\\/wp-content\\\/uploads\\\/2026\\\/04\\\/podcast-episode-image-7591959c369dc9ca676f58cbd3b6ce85-1024x683.png 1024w, https:\\\/\\\/lespiedsdansleplateau.fr\\\/wp-content\\\/uploads\\\/2026\\\/04\\\/podcast-episode-image-7591959c369dc9ca676f58cbd3b6ce85.png 1280w&quot;,&quot;fratio&quot;:0.6671875},&quot;ppe-4045-4&quot;:{&quot;title&quot;:&quot;05 Astronomie #LPDLurnes&quot;,&quot;description&quot;:&quot;&lt;p&gt;\\u00ab Les extraterrestres existent-ils ? \\u00bb&lt;\\\/p&gt;\\n&quot;,&quot;author&quot;:&quot;Les pieds dans le plateau&quot;,&quot;date&quot;:&quot;27 mars 2026&quot;,&quot;link&quot;:&quot;https:\\\/\\\/audioblog.arteradio.com\\\/blog\\\/196960\\\/podcast\\\/272050&quot;,&quot;src&quot;:&quot;https:\\\/\\\/back-audioblog.arteradio.com\\\/sites\\\/default\\\/files\\\/audios\\\/origin_podcast_272050_kJc88.mp3&quot;,&quot;featured&quot;:&quot;https:\\\/\\\/lespiedsdansleplateau.fr\\\/wp-content\\\/uploads\\\/2026\\\/03\\\/origin_272050_9HlPh-768x512.png&quot;,&quot;featured_id&quot;:850,&quot;mediatype&quot;:&quot;audio&quot;,&quot;season&quot;:0,&quot;categories&quot;:[],&quot;duration&quot;:&quot;17:32&quot;,&quot;episodetype&quot;:&quot;full&quot;,&quot;timestamp&quot;:1774589649,&quot;key&quot;:&quot;29262a29edaaef5cf92a556bd022534e&quot;,&quot;fset&quot;:&quot;https:\\\/\\\/lespiedsdansleplateau.fr\\\/wp-content\\\/uploads\\\/2026\\\/03\\\/origin_272050_9HlPh-768x512.png 768w, https:\\\/\\\/lespiedsdansleplateau.fr\\\/wp-content\\\/uploads\\\/2026\\\/03\\\/origin_272050_9HlPh-300x200.png 300w, https:\\\/\\\/lespiedsdansleplateau.fr\\\/wp-content\\\/uploads\\\/2026\\\/03\\\/origin_272050_9HlPh-1024x683.png 1024w, https:\\\/\\\/lespiedsdansleplateau.fr\\\/wp-content\\\/uploads\\\/2026\\\/03\\\/origin_272050_9HlPh.png 1280w&quot;,&quot;fratio&quot;:0.6671875},&quot;ppe-4045-5&quot;:{&quot;title&quot;:&quot;06 Discours du pr\\u00e9sident #LPDLurnes&quot;,&quot;description&quot;:&quot;&lt;p&gt;Biscours du Bresibent de la rebublique&lt;\\\/p&gt;\\n&quot;,&quot;author&quot;:&quot;Les pieds dans le plateau&quot;,&quot;date&quot;:&quot;27 mars 2026&quot;,&quot;link&quot;:&quot;https:\\\/\\\/audioblog.arteradio.com\\\/blog\\\/196960\\\/podcast\\\/272051&quot;,&quot;src&quot;:&quot;https:\\\/\\\/back-audioblog.arteradio.com\\\/sites\\\/default\\\/files\\\/audios\\\/origin_podcast_272051_bW897.mp3&quot;,&quot;featured&quot;:&quot;https:\\\/\\\/back-audioblog.arteradio.com\\\/sites\\\/default\\\/files\\\/pictures\\\/origin_272051_iRtOu.png&quot;,&quot;featured_id&quot;:0,&quot;mediatype&quot;:&quot;audio&quot;,&quot;season&quot;:0,&quot;categories&quot;:[],&quot;duration&quot;:&quot;06:27&quot;,&quot;episodetype&quot;:&quot;full&quot;,&quot;timestamp&quot;:1774589976,&quot;key&quot;:&quot;3f1a5196b55b2f23768db306c1ff6948&quot;,&quot;fset&quot;:&quot;&quot;,&quot;fratio&quot;:1},&quot;ppe-4045-6&quot;:{&quot;title&quot;:&quot;07 Nouvelle fra\\u00eeche #LPDLurnes&quot;,&quot;description&quot;:&quot;&lt;p&gt;Un peu de po\\u00e9sie dans ce monde de&#8230;. Trump&lt;\\\/p&gt;\\n&quot;,&quot;author&quot;:&quot;Les pieds dans le plateau&quot;,&quot;date&quot;:&quot;27 mars 2026&quot;,&quot;link&quot;:&quot;https:\\\/\\\/audioblog.arteradio.com\\\/blog\\\/196960\\\/podcast\\\/272052&quot;,&quot;src&quot;:&quot;https:\\\/\\\/back-audioblog.arteradio.com\\\/sites\\\/default\\\/files\\\/audios\\\/origin_podcast_272052_cY2Ks.mp3&quot;,&quot;featured&quot;:&quot;https:\\\/\\\/back-audioblog.arteradio.com\\\/sites\\\/default\\\/files\\\/pictures\\\/origin_272052_5V2Iy.png&quot;,&quot;featured_id&quot;:0,&quot;mediatype&quot;:&quot;audio&quot;,&quot;season&quot;:0,&quot;categories&quot;:[],&quot;duration&quot;:&quot;13:13&quot;,&quot;episodetype&quot;:&quot;full&quot;,&quot;timestamp&quot;:1774590145,&quot;key&quot;:&quot;056860f3a44f65a33f422d205569cfc9&quot;,&quot;fset&quot;:&quot;&quot;,&quot;fratio&quot;:1},&quot;ppe-4045-7&quot;:{&quot;title&quot;:&quot;08 Ma vie sur un plateau #LPDLurnes&quot;,&quot;description&quot;:&quot;&lt;p&gt;Il y a de la vie l\\u00e0-bas, au loin, sur un plateau Musique et introspection&lt;\\\/p&gt;\\n&quot;,&quot;author&quot;:&quot;Les pieds dans le plateau&quot;,&quot;date&quot;:&quot;27 mars 2026&quot;,&quot;link&quot;:&quot;https:\\\/\\\/audioblog.arteradio.com\\\/blog\\\/196960\\\/podcast\\\/272053&quot;,&quot;src&quot;:&quot;https:\\\/\\\/back-audioblog.arteradio.com\\\/sites\\\/default\\\/files\\\/audios\\\/origin_podcast_272053_5EvT4.mp3&quot;,&quot;featured&quot;:&quot;https:\\\/\\\/back-audioblog.arteradio.com\\\/sites\\\/default\\\/files\\\/pictures\\\/origin_272053_h01Tw.png&quot;,&quot;featured_id&quot;:0,&quot;mediatype&quot;:&quot;audio&quot;,&quot;season&quot;:0,&quot;categories&quot;:[],&quot;duration&quot;:&quot;51:52&quot;,&quot;episodetype&quot;:&quot;full&quot;,&quot;timestamp&quot;:1774590304,&quot;key&quot;:&quot;516483fbdd2d2cdf23559cb32937bb2b&quot;,&quot;fset&quot;:&quot;&quot;,&quot;fratio&quot;:1},&quot;ppe-4045-8&quot;:{&quot;title&quot;:&quot;09 Emission des luttes : siamo tutte antifasciste #LPDLurnes&quot;,&quot;description&quot;:&quot;&lt;p&gt;Apr\\u00e8s la mort d&rsquo;un n\\u00e9o-nazi \\u00e0 Lyon, apr\\u00e8s un hommage national \\u00e0 ce nazi, une minute de silence au parlement, la rage.Alors on parle des luttes antifa locales, notamment celle d&rsquo;HBA (haut bugey antifa) contre un atelier d&rsquo;\\u00e9ducation \\u00e0 la sexualit\\u00e9 dispens\\u00e9 par une asso ayant pris position publiquement contre l&rsquo;avortement.Et on s&rsquo;immerge dans une manif du 8 mars \\u00e0 Annecy, pour lutter pour les droits des femmes, car \\u00e7a aussi c&rsquo;est antifasciste.&lt;\\\/p&gt;\\n&quot;,&quot;author&quot;:&quot;Les pieds dans le plateau&quot;,&quot;date&quot;:&quot;27 mars 2026&quot;,&quot;link&quot;:&quot;https:\\\/\\\/audioblog.arteradio.com\\\/blog\\\/196960\\\/podcast\\\/272054&quot;,&quot;src&quot;:&quot;https:\\\/\\\/back-audioblog.arteradio.com\\\/sites\\\/default\\\/files\\\/audios\\\/origin_podcast_272054_yKhIh.mp3&quot;,&quot;featured&quot;:&quot;https:\\\/\\\/lespiedsdansleplateau.fr\\\/wp-content\\\/uploads\\\/2026\\\/03\\\/origin_272054_59eDa-768x512.png&quot;,&quot;featured_id&quot;:861,&quot;mediatype&quot;:&quot;audio&quot;,&quot;season&quot;:0,&quot;categories&quot;:[],&quot;duration&quot;:&quot;59:25&quot;,&quot;episodetype&quot;:&quot;full&quot;,&quot;timestamp&quot;:1774590546,&quot;key&quot;:&quot;a99e8922b11d3c0d913b3804f41a46f9&quot;,&quot;fset&quot;:&quot;https:\\\/\\\/lespiedsdansleplateau.fr\\\/wp-content\\\/uploads\\\/2026\\\/03\\\/origin_272054_59eDa-768x512.png 768w, https:\\\/\\\/lespiedsdansleplateau.fr\\\/wp-content\\\/uploads\\\/2026\\\/03\\\/origin_272054_59eDa-300x200.png 300w, https:\\\/\\\/lespiedsdansleplateau.fr\\\/wp-content\\\/uploads\\\/2026\\\/03\\\/origin_272054_59eDa-1024x683.png 1024w, https:\\\/\\\/lespiedsdansleplateau.fr\\\/wp-content\\\/uploads\\\/2026\\\/03\\\/origin_272054_59eDa.png 1280w&quot;,&quot;fratio&quot;:0.6671875},&quot;ppe-4045-9&quot;:{&quot;title&quot;:&quot;10 ZADelphes atypiques #LPDLurnes&quot;,&quot;description&quot;:&quot;&lt;p&gt;Entretien avec \\u00c9lise M., docteure en SHS et membre du collectif Fractions, qui, aujourd&rsquo;hui, nous raconte son r\\u00f4le de proche aidante, et les r\\u00e9centes m\\u00e9saventures qu&rsquo;elle a v\\u00e9cue avec son fr\\u00e8re la projetant face aux violences institutionnelles alors qu&rsquo;une hospitalisation en urgence est requise. Depuis, Ga\\u00ebtan est sorti de l&rsquo;h\\u00f4pital, il va mieux m\\u00eame si son \\u00e9quilibre est fragile. Et.. il est toujours aussi fan de Zaho de Sagazan!&lt;\\\/p&gt;\\n&quot;,&quot;author&quot;:&quot;Les pieds dans le plateau&quot;,&quot;date&quot;:&quot;27 mars 2026&quot;,&quot;link&quot;:&quot;https:\\\/\\\/audioblog.arteradio.com\\\/blog\\\/196960\\\/podcast\\\/272161&quot;,&quot;src&quot;:&quot;https:\\\/\\\/back-audioblog.arteradio.com\\\/sites\\\/default\\\/files\\\/audios\\\/origin_podcast_272161_kF2It.mp3&quot;,&quot;featured&quot;:&quot;https:\\\/\\\/lespiedsdansleplateau.fr\\\/wp-content\\\/uploads\\\/2026\\\/03\\\/origin_272161_wRhFy-768x512.png&quot;,&quot;featured_id&quot;:849,&quot;mediatype&quot;:&quot;audio&quot;,&quot;season&quot;:0,&quot;categories&quot;:[],&quot;duration&quot;:&quot;42:08&quot;,&quot;episodetype&quot;:&quot;full&quot;,&quot;timestamp&quot;:1774633931,&quot;key&quot;:&quot;6e1f9ccac5dad418e37e2d4aff2792dd&quot;,&quot;fset&quot;:&quot;https:\\\/\\\/lespiedsdansleplateau.fr\\\/wp-content\\\/uploads\\\/2026\\\/03\\\/origin_272161_wRhFy-768x512.png 768w, https:\\\/\\\/lespiedsdansleplateau.fr\\\/wp-content\\\/uploads\\\/2026\\\/03\\\/origin_272161_wRhFy-300x200.png 300w, https:\\\/\\\/lespiedsdansleplateau.fr\\\/wp-content\\\/uploads\\\/2026\\\/03\\\/origin_272161_wRhFy-1024x683.png 1024w, https:\\\/\\\/lespiedsdansleplateau.fr\\\/wp-content\\\/uploads\\\/2026\\\/03\\\/origin_272161_wRhFy.png 1280w&quot;,&quot;fratio&quot;:0.6671875},&quot;ppe-4045-10&quot;:{&quot;title&quot;:&quot;11 Rap Sensible: semaine de rap #LPDLurnes&quot;,&quot;description&quot;:&quot;&lt;p&gt;LAn vous raconte sa semaine avec:Wu-Tang &#8211; Lesson Learn&rsquo;d ft. RedmanRaekwon &#8211; KnuckleheadzMobb Deep &#8211; Shook Ones, Pt. II L&rsquo;uzine &#8211; N&rsquo;oublie pasLa rumeur &#8211; aucun conseilLa rumeur &#8211; du sommeil du soleil de l&rsquo;oseille They taking pictures of us in the waterNala Una\\\/BOUZBOR &#8211; Tourne M.G.LKefta &#8211; Une t\\u00eate deux consLy &#8211; HoudiniEtik &#8211; EmbryonnaireEtik &#8211; Level&lt;\\\/p&gt;\\n&quot;,&quot;author&quot;:&quot;Les pieds dans le plateau&quot;,&quot;date&quot;:&quot;27 mars 2026&quot;,&quot;link&quot;:&quot;https:\\\/\\\/audioblog.arteradio.com\\\/blog\\\/196960\\\/podcast\\\/272171&quot;,&quot;src&quot;:&quot;https:\\\/\\\/back-audioblog.arteradio.com\\\/sites\\\/default\\\/files\\\/audios\\\/origin_podcast_272171_yLdNq.mp3&quot;,&quot;featured&quot;:&quot;https:\\\/\\\/lespiedsdansleplateau.fr\\\/wp-content\\\/uploads\\\/2026\\\/03\\\/origin_272171_0QlBo-768x512.png&quot;,&quot;featured_id&quot;:864,&quot;mediatype&quot;:&quot;audio&quot;,&quot;season&quot;:0,&quot;categories&quot;:[],&quot;duration&quot;:&quot;59:27&quot;,&quot;episodetype&quot;:&quot;full&quot;,&quot;timestamp&quot;:1774640143,&quot;key&quot;:&quot;173a1cebde90c42cfb2e2c5e000ffe24&quot;,&quot;fset&quot;:&quot;https:\\\/\\\/lespiedsdansleplateau.fr\\\/wp-content\\\/uploads\\\/2026\\\/03\\\/origin_272171_0QlBo-768x512.png 768w, https:\\\/\\\/lespiedsdansleplateau.fr\\\/wp-content\\\/uploads\\\/2026\\\/03\\\/origin_272171_0QlBo-300x200.png 300w, https:\\\/\\\/lespiedsdansleplateau.fr\\\/wp-content\\\/uploads\\\/2026\\\/03\\\/origin_272171_0QlBo-1024x683.png 1024w, https:\\\/\\\/lespiedsdansleplateau.fr\\\/wp-content\\\/uploads\\\/2026\\\/03\\\/origin_272171_0QlBo.png 1280w&quot;,&quot;fratio&quot;:0.6671875},&quot;ppe-4045-11&quot;:{&quot;title&quot;:&quot;12 L\\u2019impromptu #LPDLurnes&quot;,&quot;description&quot;:&quot;&lt;p&gt;l&rsquo;impromptu de mars&lt;\\\/p&gt;\\n&quot;,&quot;author&quot;:&quot;Les pieds dans le plateau&quot;,&quot;date&quot;:&quot;27 mars 2026&quot;,&quot;link&quot;:&quot;https:\\\/\\\/audioblog.arteradio.com\\\/blog\\\/196960\\\/podcast\\\/272172&quot;,&quot;src&quot;:&quot;https:\\\/\\\/back-audioblog.arteradio.com\\\/sites\\\/default\\\/files\\\/audios\\\/origin_podcast_272172_gMu52.mp3&quot;,&quot;featured&quot;:&quot;https:\\\/\\\/lespiedsdansleplateau.fr\\\/wp-content\\\/uploads\\\/2026\\\/03\\\/origin_272172_d7w3z-768x512.png&quot;,&quot;featured_id&quot;:852,&quot;mediatype&quot;:&quot;audio&quot;,&quot;season&quot;:0,&quot;categories&quot;:[],&quot;duration&quot;:&quot;35:03&quot;,&quot;episodetype&quot;:&quot;full&quot;,&quot;timestamp&quot;:1774640770,&quot;key&quot;:&quot;ccedeaad8f79f5cb8e6cbf55d9516b63&quot;,&quot;fset&quot;:&quot;https:\\\/\\\/lespiedsdansleplateau.fr\\\/wp-content\\\/uploads\\\/2026\\\/03\\\/origin_272172_d7w3z-768x512.png 768w, https:\\\/\\\/lespiedsdansleplateau.fr\\\/wp-content\\\/uploads\\\/2026\\\/03\\\/origin_272172_d7w3z-300x200.png 300w, https:\\\/\\\/lespiedsdansleplateau.fr\\\/wp-content\\\/uploads\\\/2026\\\/03\\\/origin_272172_d7w3z-1024x683.png 1024w, https:\\\/\\\/lespiedsdansleplateau.fr\\\/wp-content\\\/uploads\\\/2026\\\/03\\\/origin_272172_d7w3z.png 1280w&quot;,&quot;fratio&quot;:0.6671875},&quot;load_info&quot;:{&quot;loaded&quot;:11,&quot;displayed&quot;:10,&quot;offset&quot;:0,&quot;maxItems&quot;:11,&quot;src&quot;:&quot;d7c8cb3190147f282d8c01e1cee58f3d&quot;,&quot;step&quot;:10,&quot;sortby&quot;:&quot;sort_title_asc&quot;,&quot;filterby&quot;:&quot;#LPDLurnes&quot;,&quot;fixed&quot;:&quot;&quot;,&quot;args&quot;:{&quot;imgurl&quot;:&quot;https:\\\/\\\/back-audioblog.arteradio.com\\\/sites\\\/default\\\/files\\\/pictures\\\/origin_196960_g5wBj.jpg&quot;,&quot;imgset&quot;:&quot;&quot;,&quot;display&quot;:&quot;&quot;,&quot;hddesc&quot;:0,&quot;hdfeat&quot;:0,&quot;oricov&quot;:&quot;https:\\\/\\\/back-audioblog.arteradio.com\\\/sites\\\/default\\\/files\\\/pictures\\\/origin_196960_g5wBj.jpg&quot;,&quot;elength&quot;:18}},&quot;rdata&quot;:{&quot;permalink&quot;:&quot;https:\\\/\\\/lespiedsdansleplateau.fr\\\/wp-json\\\/wp\\\/v2\\\/posts\\\/843&quot;,&quot;fprint&quot;:&quot;d7c8cb3190147f282d8c01e1cee58f3d&quot;,&quot;from&quot;:&quot;feedurl&quot;,&quot;elen&quot;:18,&quot;eunit&quot;:&quot;&quot;,&quot;teaser&quot;:&quot;&quot;,&quot;title&quot;:&quot;Les pieds dans le plateau&quot;,&quot;autoplay&quot;:&quot;autoplay&quot;}}\"><div class=\"pp-podcast__wrapper\"><div class=\"pp-podcast__info pod-info\"><div class=\"pod-info__header pod-header\"><div class=\"pod-header__image\"><div class=\"pod-header__image-wrapper\"><img decoding=\"async\" class=\"podcast-cover-image\" src=\"https:\/\/back-audioblog.arteradio.com\/sites\/default\/files\/pictures\/origin_196960_g5wBj.jpg\" srcset=\"\" sizes=\"(max-width: 640px) 100vw, 25vw\" alt=\"Les pieds dans le plateau\"><\/div><span class=\"pod-header__image-style\" style=\"display: block; width: 100%; padding-top: 100%\"><\/div><div class=\"pod-header__items pod-items\"><div class=\"pod-items__title\">Les pieds dans le plateau<\/div><div class=\"pod-items__desc\"><p>Et si on faisait de la radio ?Une vingtaine de personnes ont d\u00e9cid\u00e9 de cr\u00e9er une radio associative et libre dans le Bugey. Suivez leurs p\u00e9r\u00e9grinations radiophoniques !<\/p>\n<\/div><\/div><\/div><\/div><div class=\"pp-podcast__content pod-content\"><div class=\"pp-podcast__single\"><div class=\"pp-podcast__player\"><div class=\"pp-player-episode\"><audio id=\"pp-podcast-4045-player\" preload=\"none\" class=\"pp-podcast-episode\" style=\"width: 100%;\" controls=\"controls\"><source type=\"audio\/mpeg\" src=\"https:\/\/back-audioblog.arteradio.com\/sites\/default\/files\/audios\/origin_podcast_272020_4HiZb.mp3\" \/><\/audio><\/div><\/div><div class=\"pod-content__episode episode-single\"><button class=\"episode-single__close\" aria-expanded=\"false\" aria-label=\"Close Single Episode\"><span class=\"btn-icon-wrap\"><svg class=\"icon icon-pp-x\" aria-hidden=\"true\" role=\"img\" focusable=\"false\"><use href=\"#icon-pp-x\" xlink:href=\"#icon-pp-x\"><\/use><\/svg><\/span><\/button><div class=\"episode-single__wrapper\"><div class=\"episode-single__header\"><div class=\"episode-single__title\">01 Intro #LPDLurnes<\/div><div class=\"episode-single__author\"><span class=\"byname\">by<\/span><span class=\"single-author\">Les pieds dans le plateau<\/span><\/div><\/div><div class=\"episode-single__description\"><p>Envoy\u00e9 sp\u00e9cial pour une intro sp\u00e9ciale<\/p><\/div><\/div><div class=\"ppjs__img-wrapper \"><div class=\"ppjs__img-btn-cover\"><img decoding=\"async\" class=\"ppjs__img-btn\" src=\"https:\/\/lespiedsdansleplateau.fr\/wp-content\/uploads\/2026\/03\/origin_272020_c9rMm-768x512.png\" srcset=\"https:\/\/lespiedsdansleplateau.fr\/wp-content\/uploads\/2026\/03\/origin_272020_c9rMm-768x512.png 768w, https:\/\/lespiedsdansleplateau.fr\/wp-content\/uploads\/2026\/03\/origin_272020_c9rMm-300x200.png 300w, https:\/\/lespiedsdansleplateau.fr\/wp-content\/uploads\/2026\/03\/origin_272020_c9rMm-1024x683.png 1024w, https:\/\/lespiedsdansleplateau.fr\/wp-content\/uploads\/2026\/03\/origin_272020_c9rMm.png 1280w\" sizes=\"(max-width: 640px) 100vw, 300px\" alt=\"01 Intro #LPDLurnes\"><\/div><div><span class=\"ppjs__img-btn-style\" style=\"display: block; width: 100%; padding-top: 66.71875%\"><\/div><\/div><\/div><\/div><div class=\"pod-content__list episode-list\"><div class=\"episode-list__filters\"><div class=\"episode-list__search\"><label class=\"label-episode-search\"><span class=\"ppjs__offscreen\">Search Episodes<\/span><input type=\"text\" placeholder=\"Search Episodes\" title=\"Search Podcast Episodes\"\/><\/label><span class=\"episode-list__search-icon\"><svg class=\"icon icon-pp-search\" aria-hidden=\"true\" role=\"img\" focusable=\"false\"><use href=\"#icon-pp-search\" xlink:href=\"#icon-pp-search\"><\/use><\/svg><\/span><\/div><button class=\"episode-list__clear-search pod-button\"><svg class=\"icon icon-pp-x\" aria-hidden=\"true\" role=\"img\" focusable=\"false\"><use href=\"#icon-pp-x\" xlink:href=\"#icon-pp-x\"><\/use><\/svg><span class=\"ppjs__offscreen\">Clear Search<\/span><\/button><\/div><div class=\"episode-list__wrapper\">\n<div id=\"ppe-4045-1\" class=\"episode-list__entry pod-entry\" data-search-term=\"01 intro #lpdlurnes\" data-cats=\"\">\n\t<div class=\"pod-entry__wrapper\">\n\t\t<div class=\"pod-entry__content\">\n\t\t\t<div class=\"pod-entry__title\">\n\t\t\t\t<a href=\"https:\/\/audioblog.arteradio.com\/blog\/196960\/podcast\/272020\">01 Intro #LPDLurnes<\/a>\n\t\t\t<\/div>\n\t\t\t<div class=\"pod-entry__date\">26 mars 2026<\/div>\n\t\t\t\t\t\t\t<div class=\"pod-entry__author\">Les pieds dans le plateau<\/div>\n\t\t\t\t\t<\/div>\n\t<\/div>\n<\/div>\n\n<div id=\"ppe-4045-2\" class=\"episode-list__entry pod-entry\" data-search-term=\"02 que vive la palestine #lpdlurnes\" data-cats=\"\">\n\t<div class=\"pod-entry__wrapper\">\n\t\t<div class=\"pod-entry__content\">\n\t\t\t<div class=\"pod-entry__title\">\n\t\t\t\t<a href=\"https:\/\/audioblog.arteradio.com\/blog\/196960\/podcast\/272022\">02 Que vive la Palestine #LPDLurnes<\/a>\n\t\t\t<\/div>\n\t\t\t<div class=\"pod-entry__date\">26 mars 2026<\/div>\n\t\t\t\t\t\t\t<div class=\"pod-entry__author\">Les pieds dans le plateau<\/div>\n\t\t\t\t\t<\/div>\n\t<\/div>\n<\/div>\n\n<div id=\"ppe-4045-3\" class=\"episode-list__entry pod-entry\" data-search-term=\"03 musique th\u00e9rapie #lpdlurnes\" data-cats=\"\">\n\t<div class=\"pod-entry__wrapper\">\n\t\t<div class=\"pod-entry__content\">\n\t\t\t<div class=\"pod-entry__title\">\n\t\t\t\t<a href=\"https:\/\/audioblog.arteradio.com\/blog\/196960\/podcast\/272023\">03 Musique th\u00e9rapie #LPDLurnes<\/a>\n\t\t\t<\/div>\n\t\t\t<div class=\"pod-entry__date\">26 mars 2026<\/div>\n\t\t\t\t\t\t\t<div class=\"pod-entry__author\">Les pieds dans le plateau<\/div>\n\t\t\t\t\t<\/div>\n\t<\/div>\n<\/div>\n\n<div id=\"ppe-4045-4\" class=\"episode-list__entry pod-entry\" data-search-term=\"05 astronomie #lpdlurnes\" data-cats=\"\">\n\t<div class=\"pod-entry__wrapper\">\n\t\t<div class=\"pod-entry__content\">\n\t\t\t<div class=\"pod-entry__title\">\n\t\t\t\t<a href=\"https:\/\/audioblog.arteradio.com\/blog\/196960\/podcast\/272050\">05 Astronomie #LPDLurnes<\/a>\n\t\t\t<\/div>\n\t\t\t<div class=\"pod-entry__date\">27 mars 2026<\/div>\n\t\t\t\t\t\t\t<div class=\"pod-entry__author\">Les pieds dans le plateau<\/div>\n\t\t\t\t\t<\/div>\n\t<\/div>\n<\/div>\n\n<div id=\"ppe-4045-5\" class=\"episode-list__entry pod-entry\" data-search-term=\"06 discours du pr\u00e9sident #lpdlurnes\" data-cats=\"\">\n\t<div class=\"pod-entry__wrapper\">\n\t\t<div class=\"pod-entry__content\">\n\t\t\t<div class=\"pod-entry__title\">\n\t\t\t\t<a href=\"https:\/\/audioblog.arteradio.com\/blog\/196960\/podcast\/272051\">06 Discours du pr\u00e9sident #LPDLurnes<\/a>\n\t\t\t<\/div>\n\t\t\t<div class=\"pod-entry__date\">27 mars 2026<\/div>\n\t\t\t\t\t\t\t<div class=\"pod-entry__author\">Les pieds dans le plateau<\/div>\n\t\t\t\t\t<\/div>\n\t<\/div>\n<\/div>\n\n<div id=\"ppe-4045-6\" class=\"episode-list__entry pod-entry\" data-search-term=\"07 nouvelle fra\u00eeche #lpdlurnes\" data-cats=\"\">\n\t<div class=\"pod-entry__wrapper\">\n\t\t<div class=\"pod-entry__content\">\n\t\t\t<div class=\"pod-entry__title\">\n\t\t\t\t<a href=\"https:\/\/audioblog.arteradio.com\/blog\/196960\/podcast\/272052\">07 Nouvelle fra\u00eeche #LPDLurnes<\/a>\n\t\t\t<\/div>\n\t\t\t<div class=\"pod-entry__date\">27 mars 2026<\/div>\n\t\t\t\t\t\t\t<div class=\"pod-entry__author\">Les pieds dans le plateau<\/div>\n\t\t\t\t\t<\/div>\n\t<\/div>\n<\/div>\n\n<div id=\"ppe-4045-7\" class=\"episode-list__entry pod-entry\" data-search-term=\"08 ma vie sur un plateau #lpdlurnes\" data-cats=\"\">\n\t<div class=\"pod-entry__wrapper\">\n\t\t<div class=\"pod-entry__content\">\n\t\t\t<div class=\"pod-entry__title\">\n\t\t\t\t<a href=\"https:\/\/audioblog.arteradio.com\/blog\/196960\/podcast\/272053\">08 Ma vie sur un plateau #LPDLurnes<\/a>\n\t\t\t<\/div>\n\t\t\t<div class=\"pod-entry__date\">27 mars 2026<\/div>\n\t\t\t\t\t\t\t<div class=\"pod-entry__author\">Les pieds dans le plateau<\/div>\n\t\t\t\t\t<\/div>\n\t<\/div>\n<\/div>\n\n<div id=\"ppe-4045-8\" class=\"episode-list__entry pod-entry\" data-search-term=\"09 emission des luttes : siamo tutte antifasciste #lpdlurnes\" data-cats=\"\">\n\t<div class=\"pod-entry__wrapper\">\n\t\t<div class=\"pod-entry__content\">\n\t\t\t<div class=\"pod-entry__title\">\n\t\t\t\t<a href=\"https:\/\/audioblog.arteradio.com\/blog\/196960\/podcast\/272054\">09 Emission des luttes : siamo tutte antifasciste #LPDLurnes<\/a>\n\t\t\t<\/div>\n\t\t\t<div class=\"pod-entry__date\">27 mars 2026<\/div>\n\t\t\t\t\t\t\t<div class=\"pod-entry__author\">Les pieds dans le plateau<\/div>\n\t\t\t\t\t<\/div>\n\t<\/div>\n<\/div>\n\n<div id=\"ppe-4045-9\" class=\"episode-list__entry pod-entry\" data-search-term=\"10 zadelphes atypiques #lpdlurnes\" data-cats=\"\">\n\t<div class=\"pod-entry__wrapper\">\n\t\t<div class=\"pod-entry__content\">\n\t\t\t<div class=\"pod-entry__title\">\n\t\t\t\t<a href=\"https:\/\/audioblog.arteradio.com\/blog\/196960\/podcast\/272161\">10 ZADelphes atypiques #LPDLurnes<\/a>\n\t\t\t<\/div>\n\t\t\t<div class=\"pod-entry__date\">27 mars 2026<\/div>\n\t\t\t\t\t\t\t<div class=\"pod-entry__author\">Les pieds dans le plateau<\/div>\n\t\t\t\t\t<\/div>\n\t<\/div>\n<\/div>\n\n<div id=\"ppe-4045-10\" class=\"episode-list__entry pod-entry\" data-search-term=\"11 rap sensible: semaine de rap #lpdlurnes\" data-cats=\"\">\n\t<div class=\"pod-entry__wrapper\">\n\t\t<div class=\"pod-entry__content\">\n\t\t\t<div class=\"pod-entry__title\">\n\t\t\t\t<a href=\"https:\/\/audioblog.arteradio.com\/blog\/196960\/podcast\/272171\">11 Rap Sensible: semaine de rap #LPDLurnes<\/a>\n\t\t\t<\/div>\n\t\t\t<div class=\"pod-entry__date\">27 mars 2026<\/div>\n\t\t\t\t\t\t\t<div class=\"pod-entry__author\">Les pieds dans le plateau<\/div>\n\t\t\t\t\t<\/div>\n\t<\/div>\n<\/div>\n<div class=\"lm-button-wrapper\"><button class=\"episode-list__load-more\"><span>Load More<\/span><\/button><\/div><div class=\"episode-list__search-results episode-search\"><span class=\"ppjs__offscreen\">Search Results placeholder<\/span><\/div><\/div><\/div><div class=\"ppjs__list-reveal\"><div class=\"ppjs__button\"><button class=\"pp-prev-btn\"><span class=\"ppjs__offscreen\">Previous Episode<\/span><span class=\"btn-icon-wrap\"><svg class=\"icon icon-pp-previous\" aria-hidden=\"true\" role=\"img\" focusable=\"false\"><use href=\"#icon-pp-previous\" xlink:href=\"#icon-pp-previous\"><\/use><\/svg><\/span><\/button><\/div><div class=\"ppjs__button\"><button class=\"pp-list-btn\"><span class=\"ppjs__offscreen\">Show Episodes List<\/span><span class=\"btn-icon-wrap\"><svg class=\"icon icon-pp-show-list\" aria-hidden=\"true\" role=\"img\" focusable=\"false\"><use href=\"#icon-pp-show-list\" xlink:href=\"#icon-pp-show-list\"><\/use><\/svg><svg class=\"icon icon-pp-hide-list\" aria-hidden=\"true\" role=\"img\" focusable=\"false\"><use href=\"#icon-pp-hide-list\" xlink:href=\"#icon-pp-hide-list\"><\/use><\/svg><\/span><\/button><\/div><div class=\"ppjs__button\"><button class=\"pp-next-btn\"><span class=\"ppjs__offscreen\">Next Episode<\/span><span class=\"btn-icon-wrap\"><svg class=\"icon icon-pp-next\" aria-hidden=\"true\" role=\"img\" focusable=\"false\"><use href=\"#icon-pp-next\" xlink:href=\"#icon-pp-next\"><\/use><\/svg><\/span><\/button><\/div><\/div><\/div><\/div><div class=\"pod-content__launcher pod-launch\"><button class=\"pod-launch__button pod-launch__info pod-button\" aria-expanded=\"false\"><span class=\"ppjs__offscreen\">Show Podcast Information<\/span><span class=\"btn-icon-wrap\"><svg class=\"icon icon-pp-podcast\" aria-hidden=\"true\" role=\"img\" focusable=\"false\"><use href=\"#icon-pp-podcast\" xlink:href=\"#icon-pp-podcast\"><\/use><\/svg><svg class=\"icon icon-pp-x\" aria-hidden=\"true\" role=\"img\" focusable=\"false\"><use href=\"#icon-pp-x\" xlink:href=\"#icon-pp-x\"><\/use><\/svg><\/span><\/button><\/div><\/div>\n\n\n\n<p class=\"has-text-align-center\"><em>Le devoir civique c&rsquo;est aussi de nous \u00e9couter&nbsp;<\/em><\/p>\n\n\n\n<p>Pour t\u00e9l\u00e9charger un son, faites ci-dessous un clic droit sur l&rsquo;\u00e9mission choisie, et faire \u00ab\u00a0enregistrer la cible du lien sous\u00a0\u00bb<\/p>\n\n\n\n<p>11:30 :<a href=\"https:\/\/back-audioblog.arteradio.com\/sites\/default\/files\/audios\/origin_podcast_272020_4HiZb.mp3\">Intro<\/a><\/p>\n\n\n\n<p>11:40 :<a href=\"https:\/\/back-audioblog.arteradio.com\/sites\/default\/files\/audios\/origin_podcast_272022_vNmS9.mp3\">Que vive la Palestine<\/a><\/p>\n\n\n\n<p>12:10 :<a href=\"https:\/\/back-audioblog.arteradio.com\/sites\/default\/files\/audios\/origin_podcast_272023_8RqB2.mp3\">Musique th\u00e9rapie<\/a><\/p>\n\n\n\n<p>12:45 :<a href=\"https:\/\/back-audioblog.arteradio.com\/sites\/default\/files\/audios\/origin_podcast_272049_z9tUe.mp3\">Le coup de gueule de Nadine<\/a><\/p>\n\n\n\n<p>13:05 :<a href=\"https:\/\/back-audioblog.arteradio.com\/sites\/default\/files\/audios\/origin_podcast_272050_kJc88.mp3\">Astronomie<\/a><\/p>\n\n\n\n<p>13:25 :<a href=\"https:\/\/audioblog.arteradio.com\/blog\/196960\/podcast\/272172\/12-l-impromptu-lpd-lurnes\">L\u2019im<\/a><a href=\"https:\/\/back-audioblog.arteradio.com\/sites\/default\/files\/audios\/origin_podcast_272172_gMu52.mp3\">promptu<\/a><\/p>\n\n\n\n<p>13:30 :<a href=\"https:\/\/back-audioblog.arteradio.com\/sites\/default\/files\/audios\/origin_podcast_272051_bW897.mp3\">Discours du pr\u00e9sident<\/a><\/p>\n\n\n\n<p>13:35 :<a href=\"https:\/\/back-audioblog.arteradio.com\/sites\/default\/files\/audios\/origin_podcast_272052_cY2Ks.mp3\">Nouvelle fra\u00eeche<\/a><\/p>\n\n\n\n<p>13:45 :<a href=\"https:\/\/back-audioblog.arteradio.com\/sites\/default\/files\/audios\/origin_podcast_272053_5EvT4.mp3\">Ma vie sur un plateau<\/a><\/p>\n\n\n\n<p>14:30 :<a href=\"https:\/\/back-audioblog.arteradio.com\/sites\/default\/files\/audios\/origin_podcast_272054_yKhIh.mp3\">Emission des luttes : siamo tutte antifasciste<\/a><\/p>\n\n\n\n<p>15:30 :<a href=\"https:\/\/back-audioblog.arteradio.com\/sites\/default\/files\/audios\/origin_podcast_272161_kF2It.mp3\">ZADelphes atypiques<\/a><\/p>\n\n\n\n<p>16:15 :<a href=\"https:\/\/back-audioblog.arteradio.com\/sites\/default\/files\/audios\/origin_podcast_272171_yLdNq.mp3\">Rap sensible<\/a><\/p>\n\n\n\n<p><\/p>\n","protected":false},"excerpt":{"rendered":"<p>(Ne pas voter avec les pieds) Les pieds dans le plateau a choisi le 15 mars, journ\u00e9e de mobilisation politique, pour sa diffusion mensuelle, est ce un signe, une co\u00efncidence&#8230;? Au programme, reportage de terrain, analyse de l&rsquo;actualit\u00e9, un peu &hellip; <a href=\"https:\/\/lespiedsdansleplateau.fr\/index.php\/2026\/03\/12\/les-pieds-dans-les-urnes\/\">Continuer la lecture <span class=\"meta-nav\">&rarr;<\/span><\/a><\/p>\n","protected":false},"author":1,"featured_media":0,"comment_status":"closed","ping_status":"closed","sticky":false,"template":"","format":"standard","meta":{"footnotes":""},"categories":[2],"tags":[],"class_list":["post-843","post","type-post","status-publish","format-standard","hentry","category-actualites"],"_links":{"self":[{"href":"https:\/\/lespiedsdansleplateau.fr\/index.php\/wp-json\/wp\/v2\/posts\/843","targetHints":{"allow":["GET"]}}],"collection":[{"href":"https:\/\/lespiedsdansleplateau.fr\/index.php\/wp-json\/wp\/v2\/posts"}],"about":[{"href":"https:\/\/lespiedsdansleplateau.fr\/index.php\/wp-json\/wp\/v2\/types\/post"}],"author":[{"embeddable":true,"href":"https:\/\/lespiedsdansleplateau.fr\/index.php\/wp-json\/wp\/v2\/users\/1"}],"replies":[{"embeddable":true,"href":"https:\/\/lespiedsdansleplateau.fr\/index.php\/wp-json\/wp\/v2\/comments?post=843"}],"version-history":[{"count":13,"href":"https:\/\/lespiedsdansleplateau.fr\/index.php\/wp-json\/wp\/v2\/posts\/843\/revisions"}],"predecessor-version":[{"id":876,"href":"https:\/\/lespiedsdansleplateau.fr\/index.php\/wp-json\/wp\/v2\/posts\/843\/revisions\/876"}],"wp:attachment":[{"href":"https:\/\/lespiedsdansleplateau.fr\/index.php\/wp-json\/wp\/v2\/media?parent=843"}],"wp:term":[{"taxonomy":"category","embeddable":true,"href":"https:\/\/lespiedsdansleplateau.fr\/index.php\/wp-json\/wp\/v2\/categories?post=843"},{"taxonomy":"post_tag","embeddable":true,"href":"https:\/\/lespiedsdansleplateau.fr\/index.php\/wp-json\/wp\/v2\/tags?post=843"}],"curies":[{"name":"wp","href":"https:\/\/api.w.org\/{rel}","templated":true}]}}