{"id":91,"date":"2023-04-11T22:35:50","date_gmt":"2023-04-11T20:35:50","guid":{"rendered":"https:\/\/ltsw.fr\/wordpress\/?p=91"},"modified":"2023-04-11T22:35:50","modified_gmt":"2023-04-11T20:35:50","slug":"les-pieds-dans-le-grand-v","status":"publish","type":"post","link":"https:\/\/lespiedsdansleplateau.fr\/index.php\/2023\/04\/11\/les-pieds-dans-le-grand-v\/","title":{"rendered":"Les pieds dans le grand V"},"content":{"rendered":"\n<h1 class=\"wp-block-heading\"><strong>LES PIEDS DANS LE GRAND V<\/strong><\/h1>\n\n\n\n<p>Retrouvez toutes les \u00e9missions produites lors du Grand V sur notre audioblog <a rel=\"noreferrer noopener\" href=\"https:\/\/audioblog.arteradio.com\/blog\/196960\/les-pieds-dans-le-plateau\" target=\"_blank\">https:\/\/audioblog.arteradio.com\/blog\/196960\/les-pieds-dans-le-plateau<\/a> ou ci dessous.<\/p>\n\n\n\n<iframe width=\"100%\" src=\"https:\/\/audioblog.arteradio.com\/embed\/202886\" style=\"margin: 0; padding: 0; border: none;\"><\/iframe>\n\n\n\n<iframe width=\"100%\" src=\"https:\/\/audioblog.arteradio.com\/embed\/202896\" style=\"margin: 0; padding: 0; border: none;\"><\/iframe>\n\n\n\n<iframe width=\"100%\" src=\"https:\/\/audioblog.arteradio.com\/embed\/202901\" style=\"margin: 0; padding: 0; border: none;\"><\/iframe>\n\n\n\n<iframe width=\"100%\" src=\"https:\/\/audioblog.arteradio.com\/embed\/203005\" style=\"margin: 0; padding: 0; border: none;\"><\/iframe>\n\n\n\n<iframe width=\"100%\" src=\"https:\/\/audioblog.arteradio.com\/embed\/202902\" style=\"margin: 0; padding: 0; border: none;\"><\/iframe>\n\n\n\n<iframe width=\"100%\" src=\"https:\/\/audioblog.arteradio.com\/embed\/202991\" style=\"margin: 0; padding: 0; border: none;\"><\/iframe>\n\n\n\n<iframe width=\"100%\" src=\"https:\/\/audioblog.arteradio.com\/embed\/203006\" style=\"margin: 0; padding: 0; border: none;\"><\/iframe>\n\n\n\n<iframe width=\"100%\" src=\"https:\/\/audioblog.arteradio.com\/embed\/202992\" style=\"margin: 0; padding: 0; border: none;\"><\/iframe>\n\n\n\n<iframe width=\"100%\" src=\"https:\/\/audioblog.arteradio.com\/embed\/202996\" style=\"margin: 0; padding: 0; border: none;\"><\/iframe>\n\n\n\n<iframe width=\"100%\" src=\"https:\/\/audioblog.arteradio.com\/embed\/202998\" style=\"margin: 0; padding: 0; border: none;\"><\/iframe>\n\n\n\n<iframe width=\"100%\" src=\"https:\/\/audioblog.arteradio.com\/embed\/202999\" style=\"margin: 0; padding: 0; border: none;\"><\/iframe>\n\n\n\n<iframe width=\"100%\" src=\"https:\/\/audioblog.arteradio.com\/embed\/203000\" style=\"margin: 0; padding: 0; border: none;\"><\/iframe>\n\n\n\n<iframe width=\"100%\" src=\"https:\/\/audioblog.arteradio.com\/embed\/203004\" style=\"margin: 0; padding: 0; border: none;\"><\/iframe>\n\n\n\n<iframe width=\"100%\" src=\"https:\/\/audioblog.arteradio.com\/embed\/203001\" style=\"margin: 0; padding: 0; border: none;\"><\/iframe>\n\n\n\n<iframe width=\"100%\" src=\"https:\/\/audioblog.arteradio.com\/embed\/203002\" style=\"margin: 0; padding: 0; border: none;\"><\/iframe>\n\n\n\n<p>Les pieds dans le plateau vous proposent leur deuxi\u00e8me LIVE exceptionnel les 15 et 16 avril au festival le Grand V \u00e0 Virieu le Grand !!!<br>En \u00e9coute sur le 101.3 \u00e0 Virieu et peut-\u00eatre un peu plus loin<br><\/p>\n\n\n\n<p>En \u00e9coute sur lespiedsdansleplateau.fr<br>C&rsquo;est \u00e0 dire en fait tout compte fait<br>si tu cliques sur la petite fl\u00e8che tu nous entendras<\/p>\n\n\n\n<h2 class=\"wp-block-heading has-huge-font-size\"><strong>JUSTE ICI <\/strong><\/h2>\n\n\n\n<head>\n<style>\nh1 {text-align: center;}\np {text-align: center;}\ndiv {text-align: center;}\n<\/style>\n<\/head>\n\n<body>\n<p>\n<audio preload=\"auto\" controls=\"\" style=\"width:100%; height:40px;\" src=\"https:\/\/icecast.ltsw.fr\/stream\"> <\/audio>\n<\/p>\n<\/body>\n\n\n\n<p><\/p>\n\n\n\n<figure class=\"wp-block-image size-full\"><a href=\"http:\/\/grandv.fr\/?fbclid=IwAR0ww65vOWfB6VX0CabB_WiuqkgcOWQKqvwqWwio3TaBuPNASWBtO3EPl_4\"><img loading=\"lazy\" decoding=\"async\" width=\"433\" height=\"471\" src=\"http:\/\/ltsw2.fr\/wp-content\/uploads\/2023\/04\/Capture-decran-2023-04-11-a-22.54.52.png\" alt=\"\" class=\"wp-image-101\" srcset=\"https:\/\/lespiedsdansleplateau.fr\/wp-content\/uploads\/2023\/04\/Capture-decran-2023-04-11-a-22.54.52.png 433w, https:\/\/lespiedsdansleplateau.fr\/wp-content\/uploads\/2023\/04\/Capture-decran-2023-04-11-a-22.54.52-276x300.png 276w\" sizes=\"auto, (max-width: 433px) 100vw, 433px\" \/><\/a><\/figure>\n\n\n\n<h1 class=\"wp-block-heading\"><strong>LA PROGRAMMATION DES PIEDS DANS LE PLATEAU<\/strong><\/h1>\n\n\n\n<h2 class=\"wp-block-heading\"><strong>Samedi<\/strong><\/h2>\n\n\n\n<p>11h Les pieds dans le plateau&#8230; Naissance d&rsquo;une radio \/ une radio dans le Bugey (ou ailleurs) pour quoi faire ?<br>12h30 Le coup de gueule de Nadine ! \/ bergers et berg\u00e8res en lutte<br>12h45 Flash info en direct de Rome \/ surprise<br>12h55 Rap sensible \/ tout est dans le titre<br>14h10 Balade sub-aquatique \/ \u00e9couter Virieu depuis l&rsquo;int\u00e9rieur de la rivi\u00e8re<br>14h20 Anarchives \/ archives libertaires de l&rsquo;Ain<br>15h15 Chronique f\u00e9ministe<br>15h30 Micro Ouvert \/ venez vous exprimer \u00e0 la radio !<\/p>\n\n\n\n<h2 class=\"wp-block-heading\"><strong>Dimanche<\/strong><\/h2>\n\n\n\n<p>11h C\u00e9line \/ lecture et d\u00e9cryptage d&rsquo;un auteur d\u00e9test\u00e9<br>11h30 C&rsquo;est la lutte locale \/ quelques luttes d&rsquo;ici + agenda<br>13h Micro Ouvert \/ venez vous exprimer \u00e0 la radio !<br>16h40 Anarchives \/ archives libertaires de l&rsquo;Ain<br>16h45 Rap sensible \/ qu&rsquo;\u00e9coutent les jeunes \u00e0 Virieu le grand ?<br>18h Flash info Rome \/ en direct du palais du pape<br>18h05 Agenda \/ Que faire une fois le grand V termin\u00e9 ?<br><\/p>\n","protected":false},"excerpt":{"rendered":"<p>LES PIEDS DANS LE GRAND V Retrouvez toutes les \u00e9missions produites lors du Grand V sur notre audioblog https:\/\/audioblog.arteradio.com\/blog\/196960\/les-pieds-dans-le-plateau ou ci dessous. Les pieds dans le plateau vous proposent leur deuxi\u00e8me LIVE exceptionnel les 15 et 16 avril au festival &hellip; <a href=\"https:\/\/lespiedsdansleplateau.fr\/index.php\/2023\/04\/11\/les-pieds-dans-le-grand-v\/\">Continuer la lecture <span class=\"meta-nav\">&rarr;<\/span><\/a><\/p>\n","protected":false},"author":1,"featured_media":101,"comment_status":"closed","ping_status":"closed","sticky":false,"template":"","format":"standard","meta":{"footnotes":""},"categories":[3],"tags":[],"class_list":["post-91","post","type-post","status-publish","format-standard","has-post-thumbnail","hentry","category-archives"],"_links":{"self":[{"href":"https:\/\/lespiedsdansleplateau.fr\/index.php\/wp-json\/wp\/v2\/posts\/91","targetHints":{"allow":["GET"]}}],"collection":[{"href":"https:\/\/lespiedsdansleplateau.fr\/index.php\/wp-json\/wp\/v2\/posts"}],"about":[{"href":"https:\/\/lespiedsdansleplateau.fr\/index.php\/wp-json\/wp\/v2\/types\/post"}],"author":[{"embeddable":true,"href":"https:\/\/lespiedsdansleplateau.fr\/index.php\/wp-json\/wp\/v2\/users\/1"}],"replies":[{"embeddable":true,"href":"https:\/\/lespiedsdansleplateau.fr\/index.php\/wp-json\/wp\/v2\/comments?post=91"}],"version-history":[{"count":0,"href":"https:\/\/lespiedsdansleplateau.fr\/index.php\/wp-json\/wp\/v2\/posts\/91\/revisions"}],"wp:featuredmedia":[{"embeddable":true,"href":"https:\/\/lespiedsdansleplateau.fr\/index.php\/wp-json\/wp\/v2\/media\/101"}],"wp:attachment":[{"href":"https:\/\/lespiedsdansleplateau.fr\/index.php\/wp-json\/wp\/v2\/media?parent=91"}],"wp:term":[{"taxonomy":"category","embeddable":true,"href":"https:\/\/lespiedsdansleplateau.fr\/index.php\/wp-json\/wp\/v2\/categories?post=91"},{"taxonomy":"post_tag","embeddable":true,"href":"https:\/\/lespiedsdansleplateau.fr\/index.php\/wp-json\/wp\/v2\/tags?post=91"}],"curies":[{"name":"wp","href":"https:\/\/api.w.org\/{rel}","templated":true}]}}